{"id":2349,"date":"2024-03-04T17:09:20","date_gmt":"2024-03-04T16:09:20","guid":{"rendered":"https:\/\/www.lactolerance.fr\/blog\/?p=2349"},"modified":"2025-04-08T17:00:09","modified_gmt":"2025-04-08T15:00:09","slug":"temoignage-video-de-sandrine-intolerante-au-lactose-et-utilisatrice-de-lactolerance-9000","status":"publish","type":"post","link":"https:\/\/www.lactolerance.fr\/blog\/es\/video-testimonio-de-sandrina-intolerante-a-la-lactosa-y-usuario-de-lactolerancia-9000\/","title":{"rendered":"V\u00eddeo testimonial de Sandrine - Intolerante a la lactosa y usuaria de LACTOLERANCE 9000"},"content":{"rendered":"<p>&nbsp;<\/p>\n<p style=\"text-align: center;\"><strong>\ud83d\udc47Descubre el v\u00eddeo testimonial de Sandrine en el que nos revela c\u00f3mo LACTOLERANCIA 9000 ha cambiado su d\u00eda a d\u00eda frente a la intolerancia a la lactosa.\ud83d\udc47<\/strong><\/p>\n<div class=\"su-youtube su-u-responsive-media-yes\"><iframe loading=\"lazy\" width=\"600\" height=\"400\" src=\"https:\/\/www.youtube.com\/embed\/m5HOJC22xiI?\" frameborder=\"0\" allowfullscreen allow=\"autoplay; encrypted-media; picture-in-picture\" title=\"\"><\/iframe><\/div>\n<p><strong>Desde su adolescencia<\/strong>Sandrine padece dolores intestinales cr\u00f3nicos, trastornos digestivos cl\u00ednicos asociados a la intolerancia a la lactosa, cuya causa no suele estar claramente definida. Estos dolores son tan intensos que, seg\u00fan Sandrine, las contracciones asociadas a sus partos eran menos dolorosas.<\/p>\n<p>En 2018, Sandrine descubri\u00f3<a href=\"https:\/\/www.lactolerance.fr\/fr\/10-gelules-de-lactase-pour-intolerance-au-lactose-severe-lactolerance-9000\"><strong> LACTOLERANCIA 9000<\/strong><\/a>nuestra f\u00f3rmula concentrada de enzimas lactasa naturales que iba a cambiar su vida. Desde entonces, rompe su dieta sin lactosa, y ya no tiene miedo de cenar fuera, ni de la forma en que los dem\u00e1s miran su \"dieta especial\". La convencieron su practicidad (LACTOLERANCE 9000 est\u00e1 disponible en forma de envase de p\u00edldoras) y su eficacia, <strong>Sandrine ha recuperado la comodidad digestiva y la libertad de comer como le gusta.<\/strong><\/p>\n<p>&nbsp;<\/p>\n<p style=\"text-align: center;\"><strong>\u2b07\ufe0f Como Sandrine, elija LACTOLERANCIA \u2b07\ufe0f para mayor tranquilidad y flexibilidad.<\/strong><\/p>\n<p style=\"text-align: center;\"><strong><a href=\"https:\/\/www.lactolerance.fr\/fr\/nos-complements-alimentaires\/134-pack-decouverte-protection-24h-134.html\"><img decoding=\"async\" class=\"alignnone wp-image-1108 size-full\" src=\"https:\/\/www.lactolerance.fr\/blog\/wp-content\/uploads\/2022\/12\/Blog-bas-de-page-FR-NOUVEAU-PACK-Decouverte.jpg\" alt=\"Imagen que redirige a la ficha de producto del envase lactor\u00e9lance 1day y del pastillero 9000\" width=\"100%\" height=\"NaN\" srcset=\"https:\/\/www.lactolerance.fr\/blog\/wp-content\/uploads\/2022\/12\/Blog-bas-de-page-FR-NOUVEAU-PACK-Decouverte.jpg 2400w, https:\/\/www.lactolerance.fr\/blog\/wp-content\/uploads\/2022\/12\/Blog-bas-de-page-FR-NOUVEAU-PACK-Decouverte-400x133.jpg 400w, https:\/\/www.lactolerance.fr\/blog\/wp-content\/uploads\/2022\/12\/Blog-bas-de-page-FR-NOUVEAU-PACK-Decouverte-800x267.jpg 800w, https:\/\/www.lactolerance.fr\/blog\/wp-content\/uploads\/2022\/12\/Blog-bas-de-page-FR-NOUVEAU-PACK-Decouverte-768x256.jpg 768w, https:\/\/www.lactolerance.fr\/blog\/wp-content\/uploads\/2022\/12\/Blog-bas-de-page-FR-NOUVEAU-PACK-Decouverte-1536x512.jpg 1536w, https:\/\/www.lactolerance.fr\/blog\/wp-content\/uploads\/2022\/12\/Blog-bas-de-page-FR-NOUVEAU-PACK-Decouverte-2048x683.jpg 2048w, https:\/\/www.lactolerance.fr\/blog\/wp-content\/uploads\/2022\/12\/Blog-bas-de-page-FR-NOUVEAU-PACK-Decouverte-18x6.jpg 18w\" sizes=\"(max-width: 2400px) 100vw, 2400px\" \/><\/a><\/strong><\/p>\n<p>&nbsp;<\/p>","protected":false},"excerpt":{"rendered":"<p>&nbsp; \ud83d\udc47Descubre el v\u00eddeo testimonial de Sandrine en el que nos revela c\u00f3mo LACTOLERANCE 9000 ha cambiado su vida cotidiana frente a la intolerancia a la lactosa.\ud83d\udc47 Desde su adolescencia, Sandrine sufre dolores intestinales cr\u00f3nicos, los trastornos digestivos cl\u00ednicos de la intolerancia a la lactosa, cuya causa sigue estando demasiado a menudo mal definida. El dolor es tan intenso que, seg\u00fan [...]<\/p>","protected":false},"author":4,"featured_media":1406,"comment_status":"closed","ping_status":"open","sticky":false,"template":"","format":"standard","meta":{"om_disable_all_campaigns":false,"footnotes":""},"categories":[40],"tags":[],"class_list":["post-2349","post","type-post","status-publish","format-standard","has-post-thumbnail","hentry","category-temoignages"],"_links":{"self":[{"href":"https:\/\/www.lactolerance.fr\/blog\/es\/wp-json\/wp\/v2\/posts\/2349","targetHints":{"allow":["GET"]}}],"collection":[{"href":"https:\/\/www.lactolerance.fr\/blog\/es\/wp-json\/wp\/v2\/posts"}],"about":[{"href":"https:\/\/www.lactolerance.fr\/blog\/es\/wp-json\/wp\/v2\/types\/post"}],"author":[{"embeddable":true,"href":"https:\/\/www.lactolerance.fr\/blog\/es\/wp-json\/wp\/v2\/users\/4"}],"replies":[{"embeddable":true,"href":"https:\/\/www.lactolerance.fr\/blog\/es\/wp-json\/wp\/v2\/comments?post=2349"}],"version-history":[{"count":15,"href":"https:\/\/www.lactolerance.fr\/blog\/es\/wp-json\/wp\/v2\/posts\/2349\/revisions"}],"predecessor-version":[{"id":2886,"href":"https:\/\/www.lactolerance.fr\/blog\/es\/wp-json\/wp\/v2\/posts\/2349\/revisions\/2886"}],"wp:featuredmedia":[{"embeddable":true,"href":"https:\/\/www.lactolerance.fr\/blog\/es\/wp-json\/wp\/v2\/media\/1406"}],"wp:attachment":[{"href":"https:\/\/www.lactolerance.fr\/blog\/es\/wp-json\/wp\/v2\/media?parent=2349"}],"wp:term":[{"taxonomy":"category","embeddable":true,"href":"https:\/\/www.lactolerance.fr\/blog\/es\/wp-json\/wp\/v2\/categories?post=2349"},{"taxonomy":"post_tag","embeddable":true,"href":"https:\/\/www.lactolerance.fr\/blog\/es\/wp-json\/wp\/v2\/tags?post=2349"}],"curies":[{"name":"wp","href":"https:\/\/api.w.org\/{rel}","templated":true}]}}