{"id":2392,"date":"2024-04-03T17:39:55","date_gmt":"2024-04-03T15:39:55","guid":{"rendered":"https:\/\/www.lactolerance.fr\/blog\/?p=2392"},"modified":"2025-04-08T16:47:14","modified_gmt":"2025-04-08T14:47:14","slug":"%f0%9f%8e%ac-temoignage-video-de-valentin-intolerant-au-lactose-et-utilisateur-de-lactolerance-depuis-2013","status":"publish","type":"post","link":"https:\/\/www.lactolerance.fr\/blog\/es\/%f0%9f%8e%ac-testimonial-video-de-valentin-intolerante-a-la-lactosa-y-usuario-de-lactolerancia-desde-2013\/","title":{"rendered":"V\u00eddeo testimonio de Valentin - Intolerante a la lactosa y usuario de LACTOLERANCIA desde 2013."},"content":{"rendered":"<p>&nbsp;<\/p>\n<p style=\"text-align: center;\"><strong>\ud83d\udc47Descubre el v\u00eddeo testimonial de Valent\u00edn en el que revela c\u00f3mo LACTOLERANCIA puso fin a las limitaciones sociales asociadas a la intolerancia a la lactosa\ud83d\udc47<\/strong><\/p>\n<div class=\"su-youtube su-u-responsive-media-yes\"><iframe loading=\"lazy\" width=\"600\" height=\"400\" src=\"https:\/\/www.youtube.com\/embed\/v4b7rkd1J-I?\" frameborder=\"0\" allowfullscreen allow=\"autoplay; encrypted-media; picture-in-picture\" title=\"\"><\/iframe><\/div>\n<p>La intolerancia a la lactosa, adem\u00e1s de causarle dolor f\u00edsico, ha sido durante mucho tiempo un obst\u00e1culo social para Valent\u00edn. Ya fuera en los platos preparados en el comedor cuando era ni\u00f1o o al compartir comidas con amigos fuera de casa, <a href=\"https:\/\/www.lactolerance.fr\/fr\/content\/51-lactose\" data-internallinksmanager029f6b8e52c=\"16\" title=\"lactosa\">lactosa<\/a> \u00a1siempre ha mimado su vida! Valentin conoci\u00f3 los complementos alimenticios LACTOLERANCE en 2013.<\/p>\n<p>Usuario durante mucho tiempo de f\u00f3rmulas concentradas en lactasa 4500 y despu\u00e9s 9000, Valentin ha optado recientemente por la comodidad adoptando la f\u00f3rmula LACTOLERANCE 1\/DAY para una protecci\u00f3n permanente contra los problemas digestivos asociados a la intolerancia a la lactosa. Con una sola c\u00e1psula al d\u00eda, Valentin puede ahora disfrutar plenamente y sin limitaciones de los momentos gastron\u00f3micos y de convivencia.<\/p>\n<p style=\"text-align: center;\"><strong>\u00a1\u2b07\ufe0fComme Valentin y miles de personas m\u00e1s eligen la tranquilidad de LACTOLERANCE! \u2b07\ufe0f<\/strong><\/p>\n<p><a href=\"https:\/\/www.lactolerance.fr\/fr\/nos-complements-alimentaires\/134-pack-decouverte-protection-24h-134.html\"><img decoding=\"async\" class=\"alignnone wp-image-1108 size-full\" src=\"https:\/\/www.lactolerance.fr\/blog\/wp-content\/uploads\/2022\/12\/Blog-bas-de-page-FR-NOUVEAU-PACK-Decouverte.jpg\" alt=\"Imagen que redirige a la ficha de producto del envase lactor\u00e9lance 1day y del pastillero 9000\" width=\"100%\" height=\"NaN\" srcset=\"https:\/\/www.lactolerance.fr\/blog\/wp-content\/uploads\/2022\/12\/Blog-bas-de-page-FR-NOUVEAU-PACK-Decouverte.jpg 2400w, https:\/\/www.lactolerance.fr\/blog\/wp-content\/uploads\/2022\/12\/Blog-bas-de-page-FR-NOUVEAU-PACK-Decouverte-400x133.jpg 400w, https:\/\/www.lactolerance.fr\/blog\/wp-content\/uploads\/2022\/12\/Blog-bas-de-page-FR-NOUVEAU-PACK-Decouverte-800x267.jpg 800w, https:\/\/www.lactolerance.fr\/blog\/wp-content\/uploads\/2022\/12\/Blog-bas-de-page-FR-NOUVEAU-PACK-Decouverte-768x256.jpg 768w, https:\/\/www.lactolerance.fr\/blog\/wp-content\/uploads\/2022\/12\/Blog-bas-de-page-FR-NOUVEAU-PACK-Decouverte-1536x512.jpg 1536w, https:\/\/www.lactolerance.fr\/blog\/wp-content\/uploads\/2022\/12\/Blog-bas-de-page-FR-NOUVEAU-PACK-Decouverte-2048x683.jpg 2048w, https:\/\/www.lactolerance.fr\/blog\/wp-content\/uploads\/2022\/12\/Blog-bas-de-page-FR-NOUVEAU-PACK-Decouverte-18x6.jpg 18w\" sizes=\"(max-width: 2400px) 100vw, 2400px\" \/><\/a><\/p>","protected":false},"excerpt":{"rendered":"<p>&nbsp; \ud83d\udc47Descubra el testimonio en v\u00eddeo de Valentin en el que revela c\u00f3mo LACTOLERANCIA puso fin a las limitaciones sociales asociadas a la intolerancia a la lactosa\ud83d\udc47 La intolerancia a la lactosa, adem\u00e1s del dolor f\u00edsico que le causaba, represent\u00f3 un obst\u00e1culo social para Valentin durante mucho tiempo. Ya fuera en los platos preparados en el comedor cuando [...]<\/p>","protected":false},"author":4,"featured_media":1406,"comment_status":"closed","ping_status":"open","sticky":false,"template":"","format":"standard","meta":{"om_disable_all_campaigns":false,"footnotes":""},"categories":[40],"tags":[],"class_list":["post-2392","post","type-post","status-publish","format-standard","has-post-thumbnail","hentry","category-temoignages"],"_links":{"self":[{"href":"https:\/\/www.lactolerance.fr\/blog\/es\/wp-json\/wp\/v2\/posts\/2392","targetHints":{"allow":["GET"]}}],"collection":[{"href":"https:\/\/www.lactolerance.fr\/blog\/es\/wp-json\/wp\/v2\/posts"}],"about":[{"href":"https:\/\/www.lactolerance.fr\/blog\/es\/wp-json\/wp\/v2\/types\/post"}],"author":[{"embeddable":true,"href":"https:\/\/www.lactolerance.fr\/blog\/es\/wp-json\/wp\/v2\/users\/4"}],"replies":[{"embeddable":true,"href":"https:\/\/www.lactolerance.fr\/blog\/es\/wp-json\/wp\/v2\/comments?post=2392"}],"version-history":[{"count":8,"href":"https:\/\/www.lactolerance.fr\/blog\/es\/wp-json\/wp\/v2\/posts\/2392\/revisions"}],"predecessor-version":[{"id":2876,"href":"https:\/\/www.lactolerance.fr\/blog\/es\/wp-json\/wp\/v2\/posts\/2392\/revisions\/2876"}],"wp:featuredmedia":[{"embeddable":true,"href":"https:\/\/www.lactolerance.fr\/blog\/es\/wp-json\/wp\/v2\/media\/1406"}],"wp:attachment":[{"href":"https:\/\/www.lactolerance.fr\/blog\/es\/wp-json\/wp\/v2\/media?parent=2392"}],"wp:term":[{"taxonomy":"category","embeddable":true,"href":"https:\/\/www.lactolerance.fr\/blog\/es\/wp-json\/wp\/v2\/categories?post=2392"},{"taxonomy":"post_tag","embeddable":true,"href":"https:\/\/www.lactolerance.fr\/blog\/es\/wp-json\/wp\/v2\/tags?post=2392"}],"curies":[{"name":"wp","href":"https:\/\/api.w.org\/{rel}","templated":true}]}}