{"id":2451,"date":"2024-07-02T10:16:49","date_gmt":"2024-07-02T08:16:49","guid":{"rendered":"https:\/\/www.lactolerance.fr\/blog\/?p=2451"},"modified":"2025-06-03T15:00:01","modified_gmt":"2025-06-03T13:00:01","slug":"%f0%9f%8e%ac-temoignage-video-de-yannick-utilisateur-de-lactolerance-depuis-2012","status":"publish","type":"post","link":"https:\/\/www.lactolerance.fr\/blog\/es\/%f0%9f%8e%ac-testimonial-video-de-yannick-usuario-de-lactolerancia-desde-2012\/","title":{"rendered":"Testimonio en v\u00eddeo de Yannick - Usuario de LACTOLERANCE desde 2012"},"content":{"rendered":"<p>&nbsp;<\/p>\n<p style=\"text-align: center;\"><strong>\ud83d\udc47Descubre el v\u00eddeo testimonial de Yannick y c\u00f3mo LACTOLERANCIA ha cambiado su d\u00eda a d\u00eda frente a los problemas digestivos causados por su intolerancia a la lactosa.\ud83d\udc47<\/strong><\/p>\n<p style=\"text-align: center;\"><div class=\"su-youtube su-u-responsive-media-yes\"><iframe loading=\"lazy\" width=\"600\" height=\"400\" src=\"https:\/\/www.youtube.com\/embed\/sdBPcd_CqmI?\" frameborder=\"0\" allowfullscreen allow=\"autoplay; encrypted-media; picture-in-picture\" title=\"\"><\/iframe><\/div>\n<p>En 2012, tras un agotamiento por el que hab\u00eda sido tratado, Yannick se enter\u00f3 de que era intolerante a la lactosa cuando descubri\u00f3 que parte de su comida tambi\u00e9n lo era. <strong>Su medicaci\u00f3n contiene lactosa... <\/strong>Como resultado, experimentan una serie de molestias digestivas comunes, como dolor abdominal, gases y estre\u00f1imiento temporal.<\/p>\n<p>En 2013, descubri\u00f3 los complementos alimenticios LACTOLERANCIA a trav\u00e9s de su gastroenter\u00f3logo, que le recomend\u00f3 tomar c\u00e1psulas de lactasa regularmente para combatir sus problemas digestivos y mejorar la digesti\u00f3n de la lactosa. Desde entonces, Yannick es un usuario habitual de <a href=\"https:\/\/www.lactolerance.fr\/fr\/10-lactolerance-9000\"><strong>LACTOLERANCIA 9000<\/strong><\/a>Nuestra f\u00f3rmula con una alta concentraci\u00f3n de lactasa (9000 FCC) permite digerir hasta 45 g de lactosa por c\u00e1psula inmediatamente despu\u00e9s de la primera dosis.<\/p>\n<p>Aunque ha cambiado sus h\u00e1bitos alimentarios en favor de alternativas vegetales, Yannick sigue consumiendo lactosa ocasionalmente cuando sale a comer fuera, en viajes de negocios o incluso en fiestas con amigos. <strong>LACTOLERANCIA le da tranquilidad y evita que se deje enga\u00f1ar por la lactosa escondida en los platos.<\/strong><\/p>\n<p>&nbsp;<\/p>\n<p style=\"text-align: center;\"><strong>\u2b07\ufe0fComme \u00a1Yannick elige tranquilidad y flexibilidad con LACTOLERANCE! \u2b07\ufe0f<\/strong><\/p>\n<p><a href=\"https:\/\/www.lactolerance.fr\/fr\/nos-complements-alimentaires\/134-pack-decouverte-protection-24h-134.html\"><img decoding=\"async\" class=\"alignnone wp-image-1108 size-full\" src=\"https:\/\/www.lactolerance.fr\/blog\/wp-content\/uploads\/2022\/12\/Blog-bas-de-page-FR-NOUVEAU-PACK-Decouverte.jpg\" alt=\"Imagen que redirige a la ficha de producto del envase lactor\u00e9lance 1day y del pastillero 9000\" width=\"100%\" height=\"NaN\" srcset=\"https:\/\/www.lactolerance.fr\/blog\/wp-content\/uploads\/2022\/12\/Blog-bas-de-page-FR-NOUVEAU-PACK-Decouverte.jpg 2400w, https:\/\/www.lactolerance.fr\/blog\/wp-content\/uploads\/2022\/12\/Blog-bas-de-page-FR-NOUVEAU-PACK-Decouverte-400x133.jpg 400w, https:\/\/www.lactolerance.fr\/blog\/wp-content\/uploads\/2022\/12\/Blog-bas-de-page-FR-NOUVEAU-PACK-Decouverte-800x267.jpg 800w, https:\/\/www.lactolerance.fr\/blog\/wp-content\/uploads\/2022\/12\/Blog-bas-de-page-FR-NOUVEAU-PACK-Decouverte-768x256.jpg 768w, https:\/\/www.lactolerance.fr\/blog\/wp-content\/uploads\/2022\/12\/Blog-bas-de-page-FR-NOUVEAU-PACK-Decouverte-1536x512.jpg 1536w, https:\/\/www.lactolerance.fr\/blog\/wp-content\/uploads\/2022\/12\/Blog-bas-de-page-FR-NOUVEAU-PACK-Decouverte-2048x683.jpg 2048w, https:\/\/www.lactolerance.fr\/blog\/wp-content\/uploads\/2022\/12\/Blog-bas-de-page-FR-NOUVEAU-PACK-Decouverte-18x6.jpg 18w\" sizes=\"(max-width: 2400px) 100vw, 2400px\" \/><\/a><\/p>","protected":false},"excerpt":{"rendered":"<p>&nbsp; \ud83d\udc47Descubre el v\u00eddeo testimonial de Yannick y c\u00f3mo LACTOLERANCIA ha cambiado su d\u00eda a d\u00eda frente a los problemas digestivos que le causaba su intolerancia a la lactosa.\ud83d\udc47 En 2012, tras una quemadura por la que hab\u00eda sido tratado, Yannick se enter\u00f3 de que era intolerante a la lactosa cuando descubri\u00f3 que algunos de los medicamentos de su tratamiento conten\u00edan lactosa... En cuanto [...]<\/p>","protected":false},"author":4,"featured_media":1406,"comment_status":"closed","ping_status":"open","sticky":false,"template":"","format":"standard","meta":{"om_disable_all_campaigns":false,"footnotes":""},"categories":[40],"tags":[],"class_list":["post-2451","post","type-post","status-publish","format-standard","has-post-thumbnail","hentry","category-temoignages"],"_links":{"self":[{"href":"https:\/\/www.lactolerance.fr\/blog\/es\/wp-json\/wp\/v2\/posts\/2451","targetHints":{"allow":["GET"]}}],"collection":[{"href":"https:\/\/www.lactolerance.fr\/blog\/es\/wp-json\/wp\/v2\/posts"}],"about":[{"href":"https:\/\/www.lactolerance.fr\/blog\/es\/wp-json\/wp\/v2\/types\/post"}],"author":[{"embeddable":true,"href":"https:\/\/www.lactolerance.fr\/blog\/es\/wp-json\/wp\/v2\/users\/4"}],"replies":[{"embeddable":true,"href":"https:\/\/www.lactolerance.fr\/blog\/es\/wp-json\/wp\/v2\/comments?post=2451"}],"version-history":[{"count":20,"href":"https:\/\/www.lactolerance.fr\/blog\/es\/wp-json\/wp\/v2\/posts\/2451\/revisions"}],"predecessor-version":[{"id":2849,"href":"https:\/\/www.lactolerance.fr\/blog\/es\/wp-json\/wp\/v2\/posts\/2451\/revisions\/2849"}],"wp:featuredmedia":[{"embeddable":true,"href":"https:\/\/www.lactolerance.fr\/blog\/es\/wp-json\/wp\/v2\/media\/1406"}],"wp:attachment":[{"href":"https:\/\/www.lactolerance.fr\/blog\/es\/wp-json\/wp\/v2\/media?parent=2451"}],"wp:term":[{"taxonomy":"category","embeddable":true,"href":"https:\/\/www.lactolerance.fr\/blog\/es\/wp-json\/wp\/v2\/categories?post=2451"},{"taxonomy":"post_tag","embeddable":true,"href":"https:\/\/www.lactolerance.fr\/blog\/es\/wp-json\/wp\/v2\/tags?post=2451"}],"curies":[{"name":"wp","href":"https:\/\/api.w.org\/{rel}","templated":true}]}}