{"id":721,"date":"2020-02-12T15:03:04","date_gmt":"2020-02-12T14:03:04","guid":{"rendered":"https:\/\/www.lactolerance.fr\/blog\/?p=721"},"modified":"2024-09-25T13:12:34","modified_gmt":"2024-09-25T11:12:34","slug":"temoignage-disabelle-intolerante-au-lactose-partie-1","status":"publish","type":"post","link":"https:\/\/www.lactolerance.fr\/blog\/es\/testimonio-disabella-intolerante-a-la-lactosa-parte-1\/","title":{"rendered":"Testimonio de Isabelle, intolerante a la lactosa"},"content":{"rendered":"<p>&nbsp;<\/p>\r\n<h2 style=\"text-align: center;\"><em><strong>\"Esto es lo que te hace la vida m\u00e1s f\u00e1cil: \u00a1toma una c\u00e1psula de Lactol\u00e9rance 1 D\u00eda cada d\u00eda y ya est\u00e1!<\/strong><\/em>\ud83d\udc8a<\/h2>\r\n<p class=\"has-text-align-right\" style=\"text-align: center;\"><strong>Isabelle, Enero 2020<\/strong><\/p>\r\n<h2><strong><em>\"Mi encuentro con Lactol\u00e9rance... \".<\/em><\/strong><\/h2>\r\n<p>Me llamo Isabelle y soy intolerante a la lactosa (diagnosticada por un equipo de dietistas). <strong>Instituto del C\u00e1ncer de Montpellier<\/strong>) y padece un c\u00e1ncer complicado desde hace 2 a\u00f1os.<\/p>\r\n<p>Mi \"dieta\" contra el c\u00e1ncer me obligaba a \"comer de todo bien\", pero mi intolerancia me privaba de muchas cosas...<\/p>\r\n<p>Mi padre, de 90 a\u00f1os, que durante d\u00e9cadas hab\u00eda sufrido dolores de barriga y diarreas inoportunas, me acompa\u00f1\u00f3 en mi dieta sin lactosa y entonces se dio cuenta de que <strong>que \u00e9l tambi\u00e9n era intolerante a la lactosa.<\/strong><\/p>\r\n<!-- \/wp:paragraph -->\r\n\r\n<!-- wp:paragraph -->\r\n<p>Nos pusimos a buscar una soluci\u00f3n y hace unas semanas descubrimos <strong>Productos Lactol\u00e9rance - los resultados son concluyentes: \u00a1\"no hay foto\", como se suele decir!<\/strong><\/p>\r\n<h2><strong><em>\" La soluci\u00f3n milagrosa: 1Day Lactolerance<\/em><\/strong><\/h2>\r\n<p><strong>Hemos optado por el probi\u00f3tico Lactol\u00e9rance <a href=\"https:\/\/www.lactolerance.fr\/en\/25-lactolerance-1day\" data-internallinksmanager029f6b8e52c=\"39\" title=\"1 d\u00eda\">1 d\u00eda<\/a>. <\/strong>Se trata de una protecci\u00f3n permanente a un tipo de<strong>una c\u00e1psula al d\u00eda<\/strong> (Esto fue de gran ayuda, dada la pesadez de mi tratamiento y la multitud de comprimidos que ya ten\u00eda que tomar cada d\u00eda).<\/p>\r\n<p><strong>Hemos respetado escrupulosamente el periodo de adaptaci\u00f3n<\/strong> (15 d\u00edas en nuestro caso) antes de salir corriendo a comprar el queso y las galletas de las que nos hab\u00edamos estado privando durante tanto tiempo.<\/p>\r\n<p>Y \u00a1qu\u00e9 milagro! No tuvimos dolores de est\u00f3mago, ni mareos, ni corriente, <strong>nada<\/strong> \u00a1! \u00a1Llevamos 2 meses viviendo mejor y hemos vuelto a nuestra vida cotidiana como todo el mundo!<\/p>\r\n<p>Ya no nos privamos y compramos lo mejor. Estamos recuperando el tiempo y los placeres perdidos durante la dieta. He podido engordar 4 kilos y me siento menos d\u00e9bil, aunque mi c\u00e1ncer de huesos ha empeorado... Todo va mejor tambi\u00e9n para pap\u00e1, que ten\u00eda la tez p\u00e1lida por privarse de todos los productos que sus problemas digestivos le imped\u00edan comer.<\/p>\r\n<p><strong>\u00a1\u00a1\u00a1No m\u00e1s vida podrida!!! \u00a1Gracias y gracias ! \u00a1No hay palabras !<\/strong><\/p>\r\n<!-- \/wp:paragraph -->\r\n<figure><img decoding=\"async\" class=\"alignnone wp-image-2082 size-full\" src=\"https:\/\/www.lactolerance.fr\/blog\/wp-content\/uploads\/2020\/02\/Remerciements-Isabelle-Temoignage-Lactolerance-1Day.png\" alt=\"Manos formando un coraz\u00f3n sobre una puesta de sol\" width=\"100%\" height=\"NaN\" srcset=\"https:\/\/www.lactolerance.fr\/blog\/wp-content\/uploads\/2020\/02\/Remerciements-Isabelle-Temoignage-Lactolerance-1Day.png 1200w, https:\/\/www.lactolerance.fr\/blog\/wp-content\/uploads\/2020\/02\/Remerciements-Isabelle-Temoignage-Lactolerance-1Day-400x133.png 400w, https:\/\/www.lactolerance.fr\/blog\/wp-content\/uploads\/2020\/02\/Remerciements-Isabelle-Temoignage-Lactolerance-1Day-800x267.png 800w, https:\/\/www.lactolerance.fr\/blog\/wp-content\/uploads\/2020\/02\/Remerciements-Isabelle-Temoignage-Lactolerance-1Day-768x256.png 768w, https:\/\/www.lactolerance.fr\/blog\/wp-content\/uploads\/2020\/02\/Remerciements-Isabelle-Temoignage-Lactolerance-1Day-18x6.png 18w\" sizes=\"(max-width: 1200px) 100vw, 1200px\" \/><\/figure>\r\n<div class=\"wp-block-spacer\" style=\"height: 33px; text-align: center;\" aria-hidden=\"true\"><em>\u00a1Gracias Lactolerance!<\/em><\/div>\r\n<h2><em><strong>\"Lactol\u00e9rance ha cambiado mi vida diaria con el c\u00e1ncer\".<\/strong><\/em><\/h2>\r\n<p>La quimioterapia contra el c\u00e1ncer tiene muchos efectos secundarios: diarreas repetidas, n\u00e1useas y v\u00f3mitos en los d\u00edas siguientes a las infusiones. Ya no padezco mi intolerancia a la lactosa, que amplificaba estos efectos e incluso los agravaba (dolor de est\u00f3mago, hinchaz\u00f3n), <b>me ha ayudado enormemente en mi lucha contra el c\u00e1ncer. <\/b>Menos peso y la posibilidad de comer normalmente como recomendaban los m\u00e9dicos.<\/p>\r\n<!-- \/wp:paragraph -->\r\n\r\n<!-- wp:paragraph -->\r\n<p><strong>En cuanto a pap\u00e1, que tiene casi 91 a\u00f1os, \u00a1hoy vuelve a estar vivo!<\/strong> Despu\u00e9s de a\u00f1os de luchar contra dolores de barriga, diarrea y fatiga cr\u00f3nica, al igual que yo, por fin puede disfrutar de sencillos caprichos y noches tranquilas.<\/p>\r\n<h2><em><strong>\"Queremos aprovechar al m\u00e1ximo cada momento<\/strong><\/em><\/h2>\r\n<!-- \/wp:paragraph -->\r\n\r\n<!-- wp:paragraph -->\r\n<p>Aunque a los dos no nos queda mucho tiempo de vida, ya que el c\u00e1ncer que padezco no es curable sino que se \"mantiene\" (mediante un fuerte tratamiento), queremos<strong> aprovechar cada momento para saborear todo lo que nos apetece<\/strong>. Aprovechamos todo lo bueno, lo mejor, \u00a1y no nos privamos! <strong>Lo probamos todo, ceremoniosamente, \u00a1porque sabemos que ya no nos har\u00e1 da\u00f1o!<\/strong><\/p>\r\n<!-- \/wp:paragraph -->\r\n\r\n<!-- wp:paragraph -->\r\n<p>Una vez m\u00e1s, \u00a1gracias Lactol\u00e9rance! Porque si no os hubieran descubierto, seguir\u00eda viviendo todo el d\u00eda con los efectos secundarios de la quimio y la morfina, adem\u00e1s de tener dolores de est\u00f3mago y correr de un lado para otro d\u00eda y noche, todo ello doloroso y agotador, <strong>la fatiga es el enemigo del cuerpo<\/strong>\u00a1porque el c\u00e1ncer se ha beneficiado desde entonces!<\/p>\r\n<!-- \/wp:paragraph -->\r\n\r\n<!-- wp:paragraph -->\r\n<p>&nbsp;<\/p>\r\n<p style=\"text-align: center;\"><strong>\u2b07\ufe0f Cambia ahora tu rutina digestiva diaria con Lactol\u00e9rance \u2b07\ufe0f<\/strong><\/p>\r\n<p><a href=\"https:\/\/www.lactolerance.fr\/fr\/nos-complements-alimentaires\/134-pack-decouverte-protection-24h-134.html\"><img decoding=\"async\" class=\"alignnone wp-image-1108 size-full\" src=\"https:\/\/www.lactolerance.fr\/blog\/wp-content\/uploads\/2022\/12\/Blog-bas-de-page-FR-NOUVEAU-PACK-Decouverte.jpg\" alt=\"Imagen que redirige a la ficha de producto del envase lactor\u00e9lance 1day y del pastillero 9000\" width=\"100%\" height=\"NaN\" srcset=\"https:\/\/www.lactolerance.fr\/blog\/wp-content\/uploads\/2022\/12\/Blog-bas-de-page-FR-NOUVEAU-PACK-Decouverte.jpg 2400w, https:\/\/www.lactolerance.fr\/blog\/wp-content\/uploads\/2022\/12\/Blog-bas-de-page-FR-NOUVEAU-PACK-Decouverte-400x133.jpg 400w, https:\/\/www.lactolerance.fr\/blog\/wp-content\/uploads\/2022\/12\/Blog-bas-de-page-FR-NOUVEAU-PACK-Decouverte-800x267.jpg 800w, https:\/\/www.lactolerance.fr\/blog\/wp-content\/uploads\/2022\/12\/Blog-bas-de-page-FR-NOUVEAU-PACK-Decouverte-768x256.jpg 768w, https:\/\/www.lactolerance.fr\/blog\/wp-content\/uploads\/2022\/12\/Blog-bas-de-page-FR-NOUVEAU-PACK-Decouverte-1536x512.jpg 1536w, https:\/\/www.lactolerance.fr\/blog\/wp-content\/uploads\/2022\/12\/Blog-bas-de-page-FR-NOUVEAU-PACK-Decouverte-2048x683.jpg 2048w, https:\/\/www.lactolerance.fr\/blog\/wp-content\/uploads\/2022\/12\/Blog-bas-de-page-FR-NOUVEAU-PACK-Decouverte-18x6.jpg 18w\" sizes=\"(max-width: 2400px) 100vw, 2400px\" \/><\/a><\/p>\r\n<!-- \/wp:paragraph -->","protected":false},"excerpt":{"rendered":"<p>&nbsp; \"Esto es lo que te hace la vida m\u00e1s f\u00e1cil: toma una c\u00e1psula de Lactol\u00e9rance 1 D\u00eda cada d\u00eda, \u00a1y ya est\u00e1!\"\ud83d\udc8a Isabelle, enero de 2020 \"Mi encuentro con Lactol\u00e9rance...\". Me llamo Isabelle y soy intolerante a la lactosa (diagnosticada por el equipo de dietistas del Instituto del C\u00e1ncer de Montpellier) y tengo un c\u00e1ncer complicado [...]<\/p>","protected":false},"author":4,"featured_media":1406,"comment_status":"open","ping_status":"open","sticky":false,"template":"","format":"standard","meta":{"om_disable_all_campaigns":false,"footnotes":""},"categories":[40],"tags":[],"class_list":["post-721","post","type-post","status-publish","format-standard","has-post-thumbnail","hentry","category-temoignages"],"_links":{"self":[{"href":"https:\/\/www.lactolerance.fr\/blog\/es\/wp-json\/wp\/v2\/posts\/721","targetHints":{"allow":["GET"]}}],"collection":[{"href":"https:\/\/www.lactolerance.fr\/blog\/es\/wp-json\/wp\/v2\/posts"}],"about":[{"href":"https:\/\/www.lactolerance.fr\/blog\/es\/wp-json\/wp\/v2\/types\/post"}],"author":[{"embeddable":true,"href":"https:\/\/www.lactolerance.fr\/blog\/es\/wp-json\/wp\/v2\/users\/4"}],"replies":[{"embeddable":true,"href":"https:\/\/www.lactolerance.fr\/blog\/es\/wp-json\/wp\/v2\/comments?post=721"}],"version-history":[{"count":49,"href":"https:\/\/www.lactolerance.fr\/blog\/es\/wp-json\/wp\/v2\/posts\/721\/revisions"}],"predecessor-version":[{"id":2572,"href":"https:\/\/www.lactolerance.fr\/blog\/es\/wp-json\/wp\/v2\/posts\/721\/revisions\/2572"}],"wp:featuredmedia":[{"embeddable":true,"href":"https:\/\/www.lactolerance.fr\/blog\/es\/wp-json\/wp\/v2\/media\/1406"}],"wp:attachment":[{"href":"https:\/\/www.lactolerance.fr\/blog\/es\/wp-json\/wp\/v2\/media?parent=721"}],"wp:term":[{"taxonomy":"category","embeddable":true,"href":"https:\/\/www.lactolerance.fr\/blog\/es\/wp-json\/wp\/v2\/categories?post=721"},{"taxonomy":"post_tag","embeddable":true,"href":"https:\/\/www.lactolerance.fr\/blog\/es\/wp-json\/wp\/v2\/tags?post=721"}],"curies":[{"name":"wp","href":"https:\/\/api.w.org\/{rel}","templated":true}]}}