{"id":1779,"date":"2023-11-23T12:11:14","date_gmt":"2023-11-23T11:11:14","guid":{"rendered":"https:\/\/www.lactolerance.fr\/blog\/?p=1779"},"modified":"2024-01-18T17:14:53","modified_gmt":"2024-01-18T16:14:53","slug":"repas-de-fete-ou-se-cache-le-lactose-dans-votre-festin","status":"publish","type":"post","link":"https:\/\/www.lactolerance.fr\/blog\/repas-de-fete-ou-se-cache-le-lactose-dans-votre-festin\/","title":{"rendered":"Repas de f\u00eate\u00a0: o\u00f9 se cache le lactose dans votre festin\u00a0?"},"content":{"rendered":"<p>&nbsp;<\/p>\n<p>Les repas de f\u00eate regorgent de d\u00e9lices en tout genre, <strong>mais du lactose cach\u00e9 dans certains aliment pi\u00e8ges cach\u00e9s peut g\u00e2cher vos c\u00e9l\u00e9brations<\/strong>.\u00a0 Dans cet article, plongeons dans le monde des aliments festifs et d\u00e9couvrons o\u00f9 se cachent ces petites doses de lactose. <strong>Chez Lactol\u00e9rance on vous dit comme contourner ces difficult\u00e9s pour un moment de gourmandise garanti <\/strong><em>(pssst, \u00e0 la fin on vous dit m\u00eame comment manger de tout sans pr\u00e9occupation)<\/em><strong> !<\/strong><\/p>\n<h2><strong>Comment faire un bon d\u00e9marrage ? \ud83d\ude80\ud83c\udf64<\/strong><\/h2>\n<p>Les amuse-bouche et les entr\u00e9es peuvent sembl\u00e9s inoffensifs de prime abord, mais nombre d\u2019entre eux (comme les produits industriels) contiennent du lactose : fromage, sauces cr\u00e9meuses ou des garnitures lact\u00e9es.<\/p>\n<p>Exemples d\u2019amuse-bouche et d\u2019entr\u00e9es pi\u00e9g\u00e9s : blinis, surimi, <a href=\"https:\/\/www.lactolerance.fr\/blog\/charcuterie-sans-lactose\/\">charcuterie<\/a>, pains brioch\u00e9s, biscuits ap\u00e9ritifs, verrine, boudin blanc, les terrines de viande ou de poissons.<\/p>\n<p>Restez vigilant en v\u00e9rifiant les ingr\u00e9dients ou optez pour des alternatives sans lactose.\u00a0 En voici quelques-unes\u00a0:<\/p>\n<ul>\n<li>crevettes<\/li>\n<li>saumon fum\u00e9<\/li>\n<li>crustac\u00e9s &amp; fruits de mer<\/li>\n<li>foie gras <u>entier<\/u><\/li>\n<\/ul>\n<h2><strong>Avec quoi trinquer ? \ud83e\udd42<\/strong><\/h2>\n<p><strong>Les boissons festives ne sont pas \u00e0 l&rsquo;abri.<\/strong> Les cocktails cr\u00e9meux et les boissons lact\u00e9es peuvent \u00eatre une source cach\u00e9e de lactose. Explorez les alternatives sans lactose ou optez pour des boissons simples\u00a0et rafra\u00eechissantes ou encore des vins et spiritueux <strong>avec mod\u00e9ration. \ud83d\ude09<\/strong><\/p>\n<h2><strong>Les plats et les sauces \ud83e\udd83\ud83e\uddc2<\/strong><\/h2>\n<p>Les plats principaux peuvent r\u00e9server des surprises. Les viandes peuvent \u00eatre enduites de marinades \u00e0 base de lait ou de cr\u00e8me. Communiquez avec le chef (si vous \u00eates au restaurant) ou l&rsquo;h\u00f4te pour vous assurer que vos plats principaux sont sans lactose.<\/p>\n<p>Evitez les recettes \u00e0 base de farce, les pur\u00e9es et ainsi que les gratins. Privil\u00e9giez les poissons, la volaille et les viandes mais <strong>attention aux sauces !<\/strong><\/p>\n<p>En effet, ces derni\u00e8res cachent souvent des quantit\u00e9s importantes de produits laitiers. Privil\u00e9giez les sauces maison sans lactose ou demandez des alternatives d\u00e9licieuses \u00e0 base de lait v\u00e9g\u00e9tal.<\/p>\n<h2><strong>Dites \u00ab Cheese \u00bb ! \ud83e\uddc0<\/strong><\/h2>\n<p>On est presque aux desserts et voil\u00e0 que s\u2019annonce <strong>un adversaire de taille\u00a0<\/strong>: le plateau de fromages\u00a0!<\/p>\n<p>Ces derniers\u00a0contiennent <u>tous<\/u> du lactose, en quantit\u00e9 variable. En fonction de votre niveau d\u2019intol\u00e9rance au lactose, pr\u00e9f\u00e9rez les fromages \u00e0 p\u00e2te dure qui en contiennent le moins (Comt\u00e9, gruy\u00e8re, Beaufort, Cantal, Mimolette, etc\u2026). Les plus avertis d\u2019entre vous en profiterons peut-\u00eatre pour faire un break afin de garder de la place pour le dessert\u00a0!<\/p>\n<h2><strong>Le bouquet final pour les becs sucr\u00e9s \ud83c\udf70<\/strong><\/h2>\n<p>Les desserts sont l&rsquo;apog\u00e9e de tout festin, mais attention \u00e0 ceux qui peuvent contenir du lait et de la cr\u00e8me. <strong>Les\u00a0desserts p\u00e2tissiers\u00a0sans lactose sont tr\u00e8s rares.<\/strong> Evitez les b\u00fbches p\u00e2tissi\u00e8res, glac\u00e9es ou encore le turron au chocolat et les panettones.<\/p>\n<p>Pr\u00e9f\u00e9rez des desserts \u00e0 base de fruits, comme un carpaccio d\u2019ananas \u00e0 la menthe agr\u00e9ment\u00e9 d&rsquo;un sorbet, c&rsquo;est tout aussi d\u00e9licieux ! <a href=\"https:\/\/www.lactolerance.fr\/blog\/buche-de-noel-sans-lactose-au-chocolat-et-aux-fruits-rouges\/\">D\u00e9couvrez notre recette de b\u00fbche sans lactose au chocolat et aux fruits rouges<\/a>, une alternative gourmande et facile \u00e0 r\u00e9aliser.<\/p>\n<h2><strong>Conclusion<\/strong><\/h2>\n<p>Naviguer \u00e0 travers les repas de f\u00eate tout en \u00e9vitant <a href=\"https:\/\/www.lactolerance.fr\/fr\/content\/51-lactose\" data-internallinksmanager029f6b8e52c=\"16\" title=\"le lactose\">le lactose<\/a> peut sembler un d\u00e9fi, mais avec une planification minutieuse et une communication ouverte avec vos proches, vous pouvez profiter pleinement de chaque bouch\u00e9e sans compromettre votre confort digestif. C\u00e9l\u00e9brez sans soucis, en savourant chaque instant festif!<\/p>\n<p style=\"text-align: center;\"><strong>Et si vous optiez pour un repas de f\u00eate sans vous poser de question ?\u00a0<\/strong><\/p>\n<p style=\"text-align: center;\"><strong>\ud83d\udc47 Mangez tout ce que vous voulez avec Lactol\u00e9rance \ud83d\udc47<\/strong><\/p>\n<p><a href=\"https:\/\/www.lactolerance.fr\/fr\/nos-complements-alimentaires\/134-pack-decouverte-protection-24h-134.html\"><img decoding=\"async\" class=\"alignnone wp-image-1108 size-full\" src=\"https:\/\/www.lactolerance.fr\/blog\/wp-content\/uploads\/2022\/12\/Blog-bas-de-page-FR-NOUVEAU-PACK-Decouverte.jpg\" alt=\"Image redirigeant vers la fiche produit du pack lactor\u00e9lance 1day et le pilulier 9000\" width=\"100%\" height=\"NaN\" srcset=\"https:\/\/www.lactolerance.fr\/blog\/wp-content\/uploads\/2022\/12\/Blog-bas-de-page-FR-NOUVEAU-PACK-Decouverte.jpg 2400w, https:\/\/www.lactolerance.fr\/blog\/wp-content\/uploads\/2022\/12\/Blog-bas-de-page-FR-NOUVEAU-PACK-Decouverte-400x133.jpg 400w, https:\/\/www.lactolerance.fr\/blog\/wp-content\/uploads\/2022\/12\/Blog-bas-de-page-FR-NOUVEAU-PACK-Decouverte-800x267.jpg 800w, https:\/\/www.lactolerance.fr\/blog\/wp-content\/uploads\/2022\/12\/Blog-bas-de-page-FR-NOUVEAU-PACK-Decouverte-768x256.jpg 768w, https:\/\/www.lactolerance.fr\/blog\/wp-content\/uploads\/2022\/12\/Blog-bas-de-page-FR-NOUVEAU-PACK-Decouverte-1536x512.jpg 1536w, https:\/\/www.lactolerance.fr\/blog\/wp-content\/uploads\/2022\/12\/Blog-bas-de-page-FR-NOUVEAU-PACK-Decouverte-2048x683.jpg 2048w, https:\/\/www.lactolerance.fr\/blog\/wp-content\/uploads\/2022\/12\/Blog-bas-de-page-FR-NOUVEAU-PACK-Decouverte-18x6.jpg 18w\" sizes=\"(max-width: 2400px) 100vw, 2400px\" \/><\/a><\/p>\n","protected":false},"excerpt":{"rendered":"<p>&nbsp; Les repas de f\u00eate regorgent de d\u00e9lices en tout genre, mais du lactose cach\u00e9 dans certains aliment pi\u00e8ges cach\u00e9s peut g\u00e2cher vos c\u00e9l\u00e9brations.\u00a0 Dans cet article, plongeons dans le monde des aliments festifs et d\u00e9couvrons o\u00f9 se cachent ces petites doses de lactose. Chez Lactol\u00e9rance on vous dit comme contourner ces difficult\u00e9s pour un [&hellip;]<\/p>\n","protected":false},"author":4,"featured_media":1781,"comment_status":"closed","ping_status":"open","sticky":false,"template":"","format":"standard","meta":{"om_disable_all_campaigns":false,"footnotes":""},"categories":[5],"tags":[],"class_list":["post-1779","post","type-post","status-publish","format-standard","has-post-thumbnail","hentry","category-gerer-au-quotidien"],"_links":{"self":[{"href":"https:\/\/www.lactolerance.fr\/blog\/wp-json\/wp\/v2\/posts\/1779","targetHints":{"allow":["GET"]}}],"collection":[{"href":"https:\/\/www.lactolerance.fr\/blog\/wp-json\/wp\/v2\/posts"}],"about":[{"href":"https:\/\/www.lactolerance.fr\/blog\/wp-json\/wp\/v2\/types\/post"}],"author":[{"embeddable":true,"href":"https:\/\/www.lactolerance.fr\/blog\/wp-json\/wp\/v2\/users\/4"}],"replies":[{"embeddable":true,"href":"https:\/\/www.lactolerance.fr\/blog\/wp-json\/wp\/v2\/comments?post=1779"}],"version-history":[{"count":6,"href":"https:\/\/www.lactolerance.fr\/blog\/wp-json\/wp\/v2\/posts\/1779\/revisions"}],"predecessor-version":[{"id":1786,"href":"https:\/\/www.lactolerance.fr\/blog\/wp-json\/wp\/v2\/posts\/1779\/revisions\/1786"}],"wp:featuredmedia":[{"embeddable":true,"href":"https:\/\/www.lactolerance.fr\/blog\/wp-json\/wp\/v2\/media\/1781"}],"wp:attachment":[{"href":"https:\/\/www.lactolerance.fr\/blog\/wp-json\/wp\/v2\/media?parent=1779"}],"wp:term":[{"taxonomy":"category","embeddable":true,"href":"https:\/\/www.lactolerance.fr\/blog\/wp-json\/wp\/v2\/categories?post=1779"},{"taxonomy":"post_tag","embeddable":true,"href":"https:\/\/www.lactolerance.fr\/blog\/wp-json\/wp\/v2\/tags?post=1779"}],"curies":[{"name":"wp","href":"https:\/\/api.w.org\/{rel}","templated":true}]}}