{"id":2349,"date":"2024-03-04T17:09:20","date_gmt":"2024-03-04T16:09:20","guid":{"rendered":"https:\/\/www.lactolerance.fr\/blog\/?p=2349"},"modified":"2025-04-08T17:00:09","modified_gmt":"2025-04-08T15:00:09","slug":"temoignage-video-de-sandrine-intolerante-au-lactose-et-utilisatrice-de-lactolerance-9000","status":"publish","type":"post","link":"https:\/\/www.lactolerance.fr\/blog\/temoignage-video-de-sandrine-intolerante-au-lactose-et-utilisatrice-de-lactolerance-9000\/","title":{"rendered":"T\u00e9moignage vid\u00e9o de Sandrine &#8211; Intol\u00e9rante au lactose et utilisatrice de LACTOLERANCE 9000"},"content":{"rendered":"<p>&nbsp;<\/p>\n<p style=\"text-align: center;\"><strong>\ud83d\udc47D\u00e9couvrez le t\u00e9moignage vid\u00e9o de Sandrine dans lequel elle d\u00e9voile comment LACTOLERANCE 9000 a chang\u00e9 son quotidien face \u00e0 l&rsquo;intol\u00e9rance au lactose.\ud83d\udc47<\/strong><\/p>\n<div class=\"su-youtube su-u-responsive-media-yes\"><iframe loading=\"lazy\" width=\"600\" height=\"400\" src=\"https:\/\/www.youtube.com\/embed\/m5HOJC22xiI?\" frameborder=\"0\" allowfullscreen allow=\"autoplay; encrypted-media; picture-in-picture\" title=\"\"><\/iframe><\/div>\n<p><strong>Depuis son adolescence<\/strong>, Sandrine souffre de douleurs intestinales chroniques, des troubles digestifs cliniques de l&rsquo;intol\u00e9rance au lactose dont la cause demeure trop souvent mal d\u00e9finie. Des douleurs \u00e0 l&rsquo;intensit\u00e9 telle que, d&rsquo;apr\u00e8s Sandrine, les contractions li\u00e9es \u00e0 ses accouchements \u00e9taient moins p\u00e9nibles.<\/p>\n<p>En 2018, Sandrine fait la d\u00e9couverte de<a href=\"https:\/\/www.lactolerance.fr\/fr\/10-gelules-de-lactase-pour-intolerance-au-lactose-severe-lactolerance-9000\"><strong> LACTOLERANCE 9000<\/strong><\/a>, notre formule concentr\u00e9e en enzyme lactase naturelle qui allait changer sa vie. Depuis, elle fait des entorses \u00e0 son r\u00e9gime sans lactose et ne craint plus de d\u00eener \u00e0 l&rsquo;ext\u00e9rieur ni le regard des autres quant \u00e0 son \u00ab\u00a0r\u00e9gime sp\u00e9cial\u00a0\u00bb. S\u00e9duite par sa praticit\u00e9 (LACTOLERANCE 9000 est disponible sous forme de pilulier) et son efficacit\u00e9, <strong>Sandrine a retrouv\u00e9 un confort digestif et la libert\u00e9 de s&rsquo;alimenter comme elle le d\u00e9sire !<\/strong><\/p>\n<p>&nbsp;<\/p>\n<p style=\"text-align: center;\"><strong>\u2b07\ufe0f Comme Sandrine faites le choix de la tranquillit\u00e9 et de la flexibilit\u00e9 avec LACTOLERANCE\u00a0 \u2b07\ufe0f<\/strong><\/p>\n<p style=\"text-align: center;\"><strong><a href=\"https:\/\/www.lactolerance.fr\/fr\/nos-complements-alimentaires\/134-pack-decouverte-protection-24h-134.html\"><img decoding=\"async\" class=\"alignnone wp-image-1108 size-full\" src=\"https:\/\/www.lactolerance.fr\/blog\/wp-content\/uploads\/2022\/12\/Blog-bas-de-page-FR-NOUVEAU-PACK-Decouverte.jpg\" alt=\"Image redirigeant vers la fiche produit du pack lactor\u00e9lance 1day et le pilulier 9000\" width=\"100%\" height=\"NaN\" srcset=\"https:\/\/www.lactolerance.fr\/blog\/wp-content\/uploads\/2022\/12\/Blog-bas-de-page-FR-NOUVEAU-PACK-Decouverte.jpg 2400w, https:\/\/www.lactolerance.fr\/blog\/wp-content\/uploads\/2022\/12\/Blog-bas-de-page-FR-NOUVEAU-PACK-Decouverte-400x133.jpg 400w, https:\/\/www.lactolerance.fr\/blog\/wp-content\/uploads\/2022\/12\/Blog-bas-de-page-FR-NOUVEAU-PACK-Decouverte-800x267.jpg 800w, https:\/\/www.lactolerance.fr\/blog\/wp-content\/uploads\/2022\/12\/Blog-bas-de-page-FR-NOUVEAU-PACK-Decouverte-768x256.jpg 768w, https:\/\/www.lactolerance.fr\/blog\/wp-content\/uploads\/2022\/12\/Blog-bas-de-page-FR-NOUVEAU-PACK-Decouverte-1536x512.jpg 1536w, https:\/\/www.lactolerance.fr\/blog\/wp-content\/uploads\/2022\/12\/Blog-bas-de-page-FR-NOUVEAU-PACK-Decouverte-2048x683.jpg 2048w, https:\/\/www.lactolerance.fr\/blog\/wp-content\/uploads\/2022\/12\/Blog-bas-de-page-FR-NOUVEAU-PACK-Decouverte-18x6.jpg 18w\" sizes=\"(max-width: 2400px) 100vw, 2400px\" \/><\/a><\/strong><\/p>\n<p>&nbsp;<\/p>\n","protected":false},"excerpt":{"rendered":"<p>&nbsp; \ud83d\udc47D\u00e9couvrez le t\u00e9moignage vid\u00e9o de Sandrine dans lequel elle d\u00e9voile comment LACTOLERANCE 9000 a chang\u00e9 son quotidien face \u00e0 l&rsquo;intol\u00e9rance au lactose.\ud83d\udc47 Depuis son adolescence, Sandrine souffre de douleurs intestinales chroniques, des troubles digestifs cliniques de l&rsquo;intol\u00e9rance au lactose dont la cause demeure trop souvent mal d\u00e9finie. Des douleurs \u00e0 l&rsquo;intensit\u00e9 telle que, d&rsquo;apr\u00e8s [&hellip;]<\/p>\n","protected":false},"author":4,"featured_media":1406,"comment_status":"closed","ping_status":"open","sticky":false,"template":"","format":"standard","meta":{"om_disable_all_campaigns":false,"footnotes":""},"categories":[40],"tags":[],"class_list":["post-2349","post","type-post","status-publish","format-standard","has-post-thumbnail","hentry","category-temoignages"],"_links":{"self":[{"href":"https:\/\/www.lactolerance.fr\/blog\/wp-json\/wp\/v2\/posts\/2349","targetHints":{"allow":["GET"]}}],"collection":[{"href":"https:\/\/www.lactolerance.fr\/blog\/wp-json\/wp\/v2\/posts"}],"about":[{"href":"https:\/\/www.lactolerance.fr\/blog\/wp-json\/wp\/v2\/types\/post"}],"author":[{"embeddable":true,"href":"https:\/\/www.lactolerance.fr\/blog\/wp-json\/wp\/v2\/users\/4"}],"replies":[{"embeddable":true,"href":"https:\/\/www.lactolerance.fr\/blog\/wp-json\/wp\/v2\/comments?post=2349"}],"version-history":[{"count":15,"href":"https:\/\/www.lactolerance.fr\/blog\/wp-json\/wp\/v2\/posts\/2349\/revisions"}],"predecessor-version":[{"id":2886,"href":"https:\/\/www.lactolerance.fr\/blog\/wp-json\/wp\/v2\/posts\/2349\/revisions\/2886"}],"wp:featuredmedia":[{"embeddable":true,"href":"https:\/\/www.lactolerance.fr\/blog\/wp-json\/wp\/v2\/media\/1406"}],"wp:attachment":[{"href":"https:\/\/www.lactolerance.fr\/blog\/wp-json\/wp\/v2\/media?parent=2349"}],"wp:term":[{"taxonomy":"category","embeddable":true,"href":"https:\/\/www.lactolerance.fr\/blog\/wp-json\/wp\/v2\/categories?post=2349"},{"taxonomy":"post_tag","embeddable":true,"href":"https:\/\/www.lactolerance.fr\/blog\/wp-json\/wp\/v2\/tags?post=2349"}],"curies":[{"name":"wp","href":"https:\/\/api.w.org\/{rel}","templated":true}]}}