{"id":2392,"date":"2024-04-03T17:39:55","date_gmt":"2024-04-03T15:39:55","guid":{"rendered":"https:\/\/www.lactolerance.fr\/blog\/?p=2392"},"modified":"2025-04-08T16:47:14","modified_gmt":"2025-04-08T14:47:14","slug":"%f0%9f%8e%ac-temoignage-video-de-valentin-intolerant-au-lactose-et-utilisateur-de-lactolerance-depuis-2013","status":"publish","type":"post","link":"https:\/\/www.lactolerance.fr\/blog\/%f0%9f%8e%ac-temoignage-video-de-valentin-intolerant-au-lactose-et-utilisateur-de-lactolerance-depuis-2013\/","title":{"rendered":"T\u00e9moignage vid\u00e9o de Valentin \u2013 Intol\u00e9rant au lactose et utilisateur de LACTOLERANCE depuis 2013"},"content":{"rendered":"<p>&nbsp;<\/p>\n<p style=\"text-align: center;\"><strong>\ud83d\udc47D\u00e9couvrez le t\u00e9moignage vid\u00e9o de Valentin dans lequel il nous d\u00e9voile comment LACTOLERANCE a mis fin aux contraintes sociales li\u00e9es \u00e0 l&rsquo;intol\u00e9rance au lactose\ud83d\udc47<\/strong><\/p>\n<div class=\"su-youtube su-u-responsive-media-yes\"><iframe loading=\"lazy\" width=\"600\" height=\"400\" src=\"https:\/\/www.youtube.com\/embed\/v4b7rkd1J-I?\" frameborder=\"0\" allowfullscreen allow=\"autoplay; encrypted-media; picture-in-picture\" title=\"\"><\/iframe><\/div>\n<p>L&rsquo;intol\u00e9rance au lactose, en plus des douleurs physiques qu&rsquo;elle lui causait, a longtemps repr\u00e9sent\u00e9 un frein social pour Valentin. Que ce soit dans les plats pr\u00e9par\u00e9s \u00e0 la cantine lorsqu&rsquo;il \u00e9tait enfant ou pour partager des repas avec des amis \u00e0 l&rsquo;ext\u00e9rieur, <a href=\"https:\/\/www.lactolerance.fr\/fr\/content\/51-lactose\" data-internallinksmanager029f6b8e52c=\"16\" title=\"le lactose\">le lactose<\/a> lui a toujours g\u00e2ch\u00e9 la vie ! C&rsquo;est en 2013 que Valentin fait la connaissance des compl\u00e9ments alimentaires LACTOLERANCE.<\/p>\n<p>Longtemps utilisateur des formules concentr\u00e9es en lactase 4500 puis 9000, Valentin a r\u00e9cemment fait le choix du confort en adoptant la formule LACTOLERANCE 1\/DAY pour s&rsquo;offrir une protection permanente contre les troubles digestifs de l&rsquo;intol\u00e9rance au lactose. A raison d&rsquo;une g\u00e9lule par jour, Valentin peut d\u00e9sormais profiter pleinement de moments gourmands et conviviaux sans contraintes.<\/p>\n<p style=\"text-align: center;\"><strong>\u2b07\ufe0fComme Valentin et des milliers de personnes faites le choix de la tranquillit\u00e9\u00a0 avec LACTOLERANCE ! \u2b07\ufe0f<\/strong><\/p>\n<p><a href=\"https:\/\/www.lactolerance.fr\/fr\/nos-complements-alimentaires\/134-pack-decouverte-protection-24h-134.html\"><img decoding=\"async\" class=\"alignnone wp-image-1108 size-full\" src=\"https:\/\/www.lactolerance.fr\/blog\/wp-content\/uploads\/2022\/12\/Blog-bas-de-page-FR-NOUVEAU-PACK-Decouverte.jpg\" alt=\"Image redirigeant vers la fiche produit du pack lactor\u00e9lance 1day et le pilulier 9000\" width=\"100%\" height=\"NaN\" srcset=\"https:\/\/www.lactolerance.fr\/blog\/wp-content\/uploads\/2022\/12\/Blog-bas-de-page-FR-NOUVEAU-PACK-Decouverte.jpg 2400w, https:\/\/www.lactolerance.fr\/blog\/wp-content\/uploads\/2022\/12\/Blog-bas-de-page-FR-NOUVEAU-PACK-Decouverte-400x133.jpg 400w, https:\/\/www.lactolerance.fr\/blog\/wp-content\/uploads\/2022\/12\/Blog-bas-de-page-FR-NOUVEAU-PACK-Decouverte-800x267.jpg 800w, https:\/\/www.lactolerance.fr\/blog\/wp-content\/uploads\/2022\/12\/Blog-bas-de-page-FR-NOUVEAU-PACK-Decouverte-768x256.jpg 768w, https:\/\/www.lactolerance.fr\/blog\/wp-content\/uploads\/2022\/12\/Blog-bas-de-page-FR-NOUVEAU-PACK-Decouverte-1536x512.jpg 1536w, https:\/\/www.lactolerance.fr\/blog\/wp-content\/uploads\/2022\/12\/Blog-bas-de-page-FR-NOUVEAU-PACK-Decouverte-2048x683.jpg 2048w, https:\/\/www.lactolerance.fr\/blog\/wp-content\/uploads\/2022\/12\/Blog-bas-de-page-FR-NOUVEAU-PACK-Decouverte-18x6.jpg 18w\" sizes=\"(max-width: 2400px) 100vw, 2400px\" \/><\/a><\/p>\n","protected":false},"excerpt":{"rendered":"<p>&nbsp; \ud83d\udc47D\u00e9couvrez le t\u00e9moignage vid\u00e9o de Valentin dans lequel il nous d\u00e9voile comment LACTOLERANCE a mis fin aux contraintes sociales li\u00e9es \u00e0 l&rsquo;intol\u00e9rance au lactose\ud83d\udc47 L&rsquo;intol\u00e9rance au lactose, en plus des douleurs physiques qu&rsquo;elle lui causait, a longtemps repr\u00e9sent\u00e9 un frein social pour Valentin. Que ce soit dans les plats pr\u00e9par\u00e9s \u00e0 la cantine lorsqu&rsquo;il [&hellip;]<\/p>\n","protected":false},"author":4,"featured_media":1406,"comment_status":"closed","ping_status":"open","sticky":false,"template":"","format":"standard","meta":{"om_disable_all_campaigns":false,"footnotes":""},"categories":[40],"tags":[],"class_list":["post-2392","post","type-post","status-publish","format-standard","has-post-thumbnail","hentry","category-temoignages"],"_links":{"self":[{"href":"https:\/\/www.lactolerance.fr\/blog\/wp-json\/wp\/v2\/posts\/2392","targetHints":{"allow":["GET"]}}],"collection":[{"href":"https:\/\/www.lactolerance.fr\/blog\/wp-json\/wp\/v2\/posts"}],"about":[{"href":"https:\/\/www.lactolerance.fr\/blog\/wp-json\/wp\/v2\/types\/post"}],"author":[{"embeddable":true,"href":"https:\/\/www.lactolerance.fr\/blog\/wp-json\/wp\/v2\/users\/4"}],"replies":[{"embeddable":true,"href":"https:\/\/www.lactolerance.fr\/blog\/wp-json\/wp\/v2\/comments?post=2392"}],"version-history":[{"count":8,"href":"https:\/\/www.lactolerance.fr\/blog\/wp-json\/wp\/v2\/posts\/2392\/revisions"}],"predecessor-version":[{"id":2876,"href":"https:\/\/www.lactolerance.fr\/blog\/wp-json\/wp\/v2\/posts\/2392\/revisions\/2876"}],"wp:featuredmedia":[{"embeddable":true,"href":"https:\/\/www.lactolerance.fr\/blog\/wp-json\/wp\/v2\/media\/1406"}],"wp:attachment":[{"href":"https:\/\/www.lactolerance.fr\/blog\/wp-json\/wp\/v2\/media?parent=2392"}],"wp:term":[{"taxonomy":"category","embeddable":true,"href":"https:\/\/www.lactolerance.fr\/blog\/wp-json\/wp\/v2\/categories?post=2392"},{"taxonomy":"post_tag","embeddable":true,"href":"https:\/\/www.lactolerance.fr\/blog\/wp-json\/wp\/v2\/tags?post=2392"}],"curies":[{"name":"wp","href":"https:\/\/api.w.org\/{rel}","templated":true}]}}