{"id":2451,"date":"2024-07-02T10:16:49","date_gmt":"2024-07-02T08:16:49","guid":{"rendered":"https:\/\/www.lactolerance.fr\/blog\/?p=2451"},"modified":"2025-06-03T15:00:01","modified_gmt":"2025-06-03T13:00:01","slug":"%f0%9f%8e%ac-temoignage-video-de-yannick-utilisateur-de-lactolerance-depuis-2012","status":"publish","type":"post","link":"https:\/\/www.lactolerance.fr\/blog\/%f0%9f%8e%ac-temoignage-video-de-yannick-utilisateur-de-lactolerance-depuis-2012\/","title":{"rendered":"T\u00e9moignage vid\u00e9o de Yannick \u2013 Utilisateur de LACTOLERANCE depuis 2012"},"content":{"rendered":"<p>&nbsp;<\/p>\n<p style=\"text-align: center;\"><strong>\ud83d\udc47D\u00e9couvrez le t\u00e9moignage vid\u00e9o de Yannick et comment LACTOLERANCE a chang\u00e9 son quotidien face aux troubles digestifs de son intol\u00e9rance au lactose.\ud83d\udc47<\/strong><\/p>\n<p style=\"text-align: center;\"><div class=\"su-youtube su-u-responsive-media-yes\"><iframe loading=\"lazy\" width=\"600\" height=\"400\" src=\"https:\/\/www.youtube.com\/embed\/sdBPcd_CqmI?\" frameborder=\"0\" allowfullscreen allow=\"autoplay; encrypted-media; picture-in-picture\" title=\"\"><\/iframe><\/div>\n<p>En 2012, \u00e0 la suite d&rsquo;un burn-out pour lequel il a \u00e9t\u00e9 trait\u00e9, Yannick apprend qu&rsquo;il est intol\u00e9rant au lactose en d\u00e9couvrant que certains <strong>m\u00e9dicaments de son traitement contiennent du lactose&#8230; <\/strong>D\u00e8s lors, il manifeste certains d\u00e9sagr\u00e9ments digestifs courants comme des douleurs abdominales, des gaz ou encore des constipations passag\u00e8res.<\/p>\n<p>En 2013, il d\u00e9couvre les compl\u00e9ments alimentaires de LACTOLERANCE par l&rsquo;interm\u00e9diaire de son gastroent\u00e9rologue qui lui recommande la prise r\u00e9guli\u00e8re de g\u00e9lules de lactase pour combattre ses troubles digestifs et am\u00e9liorer la digestion du lactose. Depuis, Yannick est un utilisateur r\u00e9gulier de <a href=\"https:\/\/www.lactolerance.fr\/fr\/10-lactolerance-9000\"><strong>LACTOLERANCE 9000<\/strong><\/a>, notre formule \u00e0 haute concentration en lactase (9000 FCC) permettant de dig\u00e9rer imm\u00e9diatement jusqu&rsquo;\u00e0 45g de lactose par g\u00e9lule d\u00e8s la premi\u00e8re prise.<\/p>\n<p>Bien qu&rsquo;ayant chang\u00e9 ses habitudes alimentaires pour des alternatives v\u00e9g\u00e9tales, Yannick consomme ponctuellement du lactose lors de sorties au restaurant, de d\u00e9placements professionnels ou encore de soir\u00e9es entre amis. <strong>LACTOLERANCE lui offre une grande tranquillit\u00e9 d&rsquo;esprit et lui \u00e9vite de se faire pi\u00e9ger par du lactose cach\u00e9 dans les plats.<\/strong><\/p>\n<p>&nbsp;<\/p>\n<p style=\"text-align: center;\"><strong>\u2b07\ufe0fComme Yannick faites le choix de la tranquillit\u00e9 et de la flexibilit\u00e9 avec LACTOLERANCE ! \u2b07\ufe0f<\/strong><\/p>\n<p><a href=\"https:\/\/www.lactolerance.fr\/fr\/nos-complements-alimentaires\/134-pack-decouverte-protection-24h-134.html\"><img decoding=\"async\" class=\"alignnone wp-image-1108 size-full\" src=\"https:\/\/www.lactolerance.fr\/blog\/wp-content\/uploads\/2022\/12\/Blog-bas-de-page-FR-NOUVEAU-PACK-Decouverte.jpg\" alt=\"Image redirigeant vers la fiche produit du pack lactor\u00e9lance 1day et le pilulier 9000\" width=\"100%\" height=\"NaN\" srcset=\"https:\/\/www.lactolerance.fr\/blog\/wp-content\/uploads\/2022\/12\/Blog-bas-de-page-FR-NOUVEAU-PACK-Decouverte.jpg 2400w, https:\/\/www.lactolerance.fr\/blog\/wp-content\/uploads\/2022\/12\/Blog-bas-de-page-FR-NOUVEAU-PACK-Decouverte-400x133.jpg 400w, https:\/\/www.lactolerance.fr\/blog\/wp-content\/uploads\/2022\/12\/Blog-bas-de-page-FR-NOUVEAU-PACK-Decouverte-800x267.jpg 800w, https:\/\/www.lactolerance.fr\/blog\/wp-content\/uploads\/2022\/12\/Blog-bas-de-page-FR-NOUVEAU-PACK-Decouverte-768x256.jpg 768w, https:\/\/www.lactolerance.fr\/blog\/wp-content\/uploads\/2022\/12\/Blog-bas-de-page-FR-NOUVEAU-PACK-Decouverte-1536x512.jpg 1536w, https:\/\/www.lactolerance.fr\/blog\/wp-content\/uploads\/2022\/12\/Blog-bas-de-page-FR-NOUVEAU-PACK-Decouverte-2048x683.jpg 2048w, https:\/\/www.lactolerance.fr\/blog\/wp-content\/uploads\/2022\/12\/Blog-bas-de-page-FR-NOUVEAU-PACK-Decouverte-18x6.jpg 18w\" sizes=\"(max-width: 2400px) 100vw, 2400px\" \/><\/a><\/p>\n","protected":false},"excerpt":{"rendered":"<p>&nbsp; \ud83d\udc47D\u00e9couvrez le t\u00e9moignage vid\u00e9o de Yannick et comment LACTOLERANCE a chang\u00e9 son quotidien face aux troubles digestifs de son intol\u00e9rance au lactose.\ud83d\udc47 En 2012, \u00e0 la suite d&rsquo;un burn-out pour lequel il a \u00e9t\u00e9 trait\u00e9, Yannick apprend qu&rsquo;il est intol\u00e9rant au lactose en d\u00e9couvrant que certains m\u00e9dicaments de son traitement contiennent du lactose&#8230; D\u00e8s [&hellip;]<\/p>\n","protected":false},"author":4,"featured_media":1406,"comment_status":"closed","ping_status":"open","sticky":false,"template":"","format":"standard","meta":{"om_disable_all_campaigns":false,"footnotes":""},"categories":[40],"tags":[],"class_list":["post-2451","post","type-post","status-publish","format-standard","has-post-thumbnail","hentry","category-temoignages"],"_links":{"self":[{"href":"https:\/\/www.lactolerance.fr\/blog\/wp-json\/wp\/v2\/posts\/2451","targetHints":{"allow":["GET"]}}],"collection":[{"href":"https:\/\/www.lactolerance.fr\/blog\/wp-json\/wp\/v2\/posts"}],"about":[{"href":"https:\/\/www.lactolerance.fr\/blog\/wp-json\/wp\/v2\/types\/post"}],"author":[{"embeddable":true,"href":"https:\/\/www.lactolerance.fr\/blog\/wp-json\/wp\/v2\/users\/4"}],"replies":[{"embeddable":true,"href":"https:\/\/www.lactolerance.fr\/blog\/wp-json\/wp\/v2\/comments?post=2451"}],"version-history":[{"count":20,"href":"https:\/\/www.lactolerance.fr\/blog\/wp-json\/wp\/v2\/posts\/2451\/revisions"}],"predecessor-version":[{"id":2849,"href":"https:\/\/www.lactolerance.fr\/blog\/wp-json\/wp\/v2\/posts\/2451\/revisions\/2849"}],"wp:featuredmedia":[{"embeddable":true,"href":"https:\/\/www.lactolerance.fr\/blog\/wp-json\/wp\/v2\/media\/1406"}],"wp:attachment":[{"href":"https:\/\/www.lactolerance.fr\/blog\/wp-json\/wp\/v2\/media?parent=2451"}],"wp:term":[{"taxonomy":"category","embeddable":true,"href":"https:\/\/www.lactolerance.fr\/blog\/wp-json\/wp\/v2\/categories?post=2451"},{"taxonomy":"post_tag","embeddable":true,"href":"https:\/\/www.lactolerance.fr\/blog\/wp-json\/wp\/v2\/tags?post=2451"}],"curies":[{"name":"wp","href":"https:\/\/api.w.org\/{rel}","templated":true}]}}