{"id":2707,"date":"2025-01-21T15:12:01","date_gmt":"2025-01-21T14:12:01","guid":{"rendered":"https:\/\/www.lactolerance.fr\/blog\/?p=2707"},"modified":"2025-04-08T15:15:02","modified_gmt":"2025-04-08T13:15:02","slug":"lactose-gluten","status":"publish","type":"post","link":"https:\/\/www.lactolerance.fr\/blog\/lactose-gluten\/","title":{"rendered":"Et si c&rsquo;\u00e9tait le lactose plut\u00f4t que le gluten ?"},"content":{"rendered":"<p>&nbsp;<\/p>\n<p>Lactose, gluten : les intol\u00e9rances alimentaires sont au c\u0153ur de nos pr\u00e9occupations actuelles en mati\u00e8re de sant\u00e9 et de nutrition. Lorsque l\u2019on souffre de troubles digestifs ou d\u2019inconfort apr\u00e8s les repas, il est fr\u00e9quent de suspecter le gluten en raison de sa m\u00e9diatisation croissante.<\/p>\n<p>Or, l\u2019intol\u00e9rance au lactose se manifeste par des <strong>troubles digestifs similaires<\/strong> \u00e0 ceux de l\u2019intol\u00e9rance au gluten. LACTOLERANCE vous aide \u00e0 identifier et \u00e0 distinguer ces deux intol\u00e9rances alimentaires, pour une meilleure gestion de votre alimentation au quotidien.<\/p>\n<h2>Comprendre les intol\u00e9rances alimentaires : notre guide<\/h2>\n<p>\u00c0 la diff\u00e9rence des allergies, qui impliquent une r\u00e9ponse immunitaire, les intol\u00e9rances alimentaires sont li\u00e9es \u00e0 une difficult\u00e9 \u00e0 dig\u00e9rer certains composants alimentaires. <a href=\"https:\/\/www.lactolerance.fr\/fr\/content\/51-lactose\" data-internallinksmanager029f6b8e52c=\"16\" title=\"le lactose\">Le lactose<\/a> et le gluten font partie des composants les moins bien assimil\u00e9s par une part croissante et significative de la population.<\/p>\n<h3>Zoom sur l\u2019intol\u00e9rance au lactose<\/h3>\n<p><strong>L\u2019intol\u00e9rance au lactose ou \u201calactasie\u201d<\/strong> survient quand l\u2019organisme manque de lactase, une enzyme digestive \u00e0 l\u2019origine de la d\u00e9gradation du sucre du lait. Lorsqu\u2019il est mal dig\u00e9r\u00e9, ce glucide naturellement pr\u00e9sent dans le lait et dans ses d\u00e9riv\u00e9s fermente dans l\u2019intestin et peut donc entra\u00eener divers troubles digestifs plus ou moins inconfortables.<\/p>\n<p>C\u2019est notamment le cas des ballonnements, des douleurs abdominales, de la constipation et des naus\u00e9es, qui sont provoqu\u00e9es par l\u2019absorption de plus de 12 g de lactose en cas d\u2019alactasie mod\u00e9r\u00e9e ou moins en cas d\u2019alactasie s\u00e9v\u00e8re.<\/p>\n<h3>Zoom sur l\u2019intol\u00e9rance au gluten<\/h3>\n<p>Contrairement \u00e0 l\u2019intol\u00e9rance au lactose, <strong>l\u2019intol\u00e9rance au gluten peut avoir plusieurs origines :\u00a0<\/strong><\/p>\n<ul>\n<li>La maladie c\u0153liaque, une pathologie auto-immune qui entra\u00eene une inflammation de l\u2019intestin gr\u00eale lors de l\u2019ingestion de gluten<\/li>\n<li>La sensibilit\u00e9 non c\u0153liaque au gluten, qui provoque des r\u00e9actions similaires \u00e0 la maladie c\u0153liaque sans atteinte intestinale identifiable<\/li>\n<\/ul>\n<p>Ces r\u00e9actions sont vari\u00e9es, allant des troubles digestifs typiques (ballonnements, diarrh\u00e9e, constipation) \u00e0 la fatigue chronique, aux maux de t\u00eate et aux douleurs articulaires.<\/p>\n<h2>Intol\u00e9rance au gluten ou au lactose : comment savoir ?<\/h2>\n<p><strong>L\u2019intol\u00e9rance au lactose est tr\u00e8s r\u00e9pandue \u00e0 travers le monde<\/strong>. On estime en effet que <strong>75% de la population mondiale<\/strong> est sujette \u00e0 des troubles digestifs li\u00e9s \u00e0 la consommation de lactose. En France, on estime cette pr\u00e9valence entre 6 et 10% de la population.<\/p>\n<p>Boire du lait est pourtant consid\u00e9r\u00e9 comme un facteur de croissance et de sant\u00e9 dans de nombreuses cultures, d\u2019o\u00f9 l\u2019habitude r\u00e9pandue de continuer \u00e0 consommer des produits laitiers malgr\u00e9 un inconfort digestif \u00e9vident.<\/p>\n<p>Outre cette caract\u00e9ristique, certains indices permettent de diff\u00e9rencier ces deux intol\u00e9rances alimentaires. Les manifestations de <strong>l\u2019intol\u00e9rance au lactose<\/strong> apparaissent par exemple <strong>dans les heures qui suivent la consommation de produits laitiers<\/strong>, tandis que celles de <strong>l\u2019intol\u00e9rance au gluten peuvent \u00eatre ressenties jusqu\u2019\u00e0 plusieurs jours<\/strong> apr\u00e8s l\u2019absorption de bl\u00e9, de seigle, d\u2019orge ou encore d\u2019avoine. En parall\u00e8le, les douleurs se situent g\u00e9n\u00e9ralement dans la partie inf\u00e9rieure de l\u2019abdomen en cas d\u2019alactasie, alors qu\u2019elles se manifestent de mani\u00e8re plus diffuse en cas d\u2019intol\u00e9rance au gluten.<\/p>\n<p>Des tests m\u00e9dicaux sp\u00e9cifiques peuvent vous aider \u00e0 identifier l\u2019une ou l\u2019autre de ces intol\u00e9rances en cas de doute. <strong>Pour le lactose<\/strong>, il est recommand\u00e9 d\u2019effectuer <strong>un test respiratoire \u00e0 l\u2019hydrog\u00e8ne ou un test de tol\u00e9rance par prise de sang<\/strong>. Ces deux m\u00e9thodes sont prises en charge par la S\u00e9curit\u00e9 sociale. <strong>Pour le gluten<\/strong>, il est conseill\u00e9 de s\u2019orienter vers<strong> un r\u00e9gime d\u2019exclusion<\/strong> pour \u00e9valuer une sensibilit\u00e9 non c\u0153liaque, <strong>vers une biopsie<\/strong> de l\u2019intestin gr\u00eale pour confirmer la maladie c\u0153liaque et vers <strong>une prise de sang<\/strong> pour rechercher des anticorps sp\u00e9cifiques dans le cas de la maladie c\u0153liaque.<\/p>\n<p>Un diagnostic clair vous offrira la possibilit\u00e9 d\u2019adopter un r\u00e9gime alimentaire adapt\u00e9 aux besoins de votre corps et de donner la priorit\u00e9 \u00e0 votre bien-\u00eatre au quotidien.<\/p>\n<p><a href=\"https:\/\/www.lactolerance.fr\/fr\/nos-complements-alimentaires\/134-pack-decouverte-protection-24h-134.html\"><img decoding=\"async\" class=\"alignnone wp-image-1108 size-full\" src=\"https:\/\/www.lactolerance.fr\/blog\/wp-content\/uploads\/2022\/12\/Blog-bas-de-page-FR-NOUVEAU-PACK-Decouverte.jpg\" alt=\"Image redirigeant vers la fiche produit du pack lactor\u00e9lance 1day et le pilulier 9000\" width=\"100%\" height=\"Nan\" srcset=\"https:\/\/www.lactolerance.fr\/blog\/wp-content\/uploads\/2022\/12\/Blog-bas-de-page-FR-NOUVEAU-PACK-Decouverte.jpg 2400w, https:\/\/www.lactolerance.fr\/blog\/wp-content\/uploads\/2022\/12\/Blog-bas-de-page-FR-NOUVEAU-PACK-Decouverte-400x133.jpg 400w, https:\/\/www.lactolerance.fr\/blog\/wp-content\/uploads\/2022\/12\/Blog-bas-de-page-FR-NOUVEAU-PACK-Decouverte-800x267.jpg 800w, https:\/\/www.lactolerance.fr\/blog\/wp-content\/uploads\/2022\/12\/Blog-bas-de-page-FR-NOUVEAU-PACK-Decouverte-768x256.jpg 768w, https:\/\/www.lactolerance.fr\/blog\/wp-content\/uploads\/2022\/12\/Blog-bas-de-page-FR-NOUVEAU-PACK-Decouverte-1536x512.jpg 1536w, https:\/\/www.lactolerance.fr\/blog\/wp-content\/uploads\/2022\/12\/Blog-bas-de-page-FR-NOUVEAU-PACK-Decouverte-2048x683.jpg 2048w, https:\/\/www.lactolerance.fr\/blog\/wp-content\/uploads\/2022\/12\/Blog-bas-de-page-FR-NOUVEAU-PACK-Decouverte-18x6.jpg 18w\" sizes=\"(max-width: 2400px) 100vw, 2400px\" \/><\/a><\/p>\n","protected":false},"excerpt":{"rendered":"<p>&nbsp; Lactose, gluten : les intol\u00e9rances alimentaires sont au c\u0153ur de nos pr\u00e9occupations actuelles en mati\u00e8re de sant\u00e9 et de nutrition. Lorsque l\u2019on souffre de troubles digestifs ou d\u2019inconfort apr\u00e8s les repas, il est fr\u00e9quent de suspecter le gluten en raison de sa m\u00e9diatisation croissante. Or, l\u2019intol\u00e9rance au lactose se manifeste par des troubles digestifs [&hellip;]<\/p>\n","protected":false},"author":4,"featured_media":2725,"comment_status":"closed","ping_status":"open","sticky":false,"template":"","format":"standard","meta":{"om_disable_all_campaigns":false,"footnotes":""},"categories":[43],"tags":[],"class_list":["post-2707","post","type-post","status-publish","format-standard","has-post-thumbnail","hentry","category-en-savoir-plus"],"_links":{"self":[{"href":"https:\/\/www.lactolerance.fr\/blog\/wp-json\/wp\/v2\/posts\/2707","targetHints":{"allow":["GET"]}}],"collection":[{"href":"https:\/\/www.lactolerance.fr\/blog\/wp-json\/wp\/v2\/posts"}],"about":[{"href":"https:\/\/www.lactolerance.fr\/blog\/wp-json\/wp\/v2\/types\/post"}],"author":[{"embeddable":true,"href":"https:\/\/www.lactolerance.fr\/blog\/wp-json\/wp\/v2\/users\/4"}],"replies":[{"embeddable":true,"href":"https:\/\/www.lactolerance.fr\/blog\/wp-json\/wp\/v2\/comments?post=2707"}],"version-history":[{"count":4,"href":"https:\/\/www.lactolerance.fr\/blog\/wp-json\/wp\/v2\/posts\/2707\/revisions"}],"predecessor-version":[{"id":2728,"href":"https:\/\/www.lactolerance.fr\/blog\/wp-json\/wp\/v2\/posts\/2707\/revisions\/2728"}],"wp:featuredmedia":[{"embeddable":true,"href":"https:\/\/www.lactolerance.fr\/blog\/wp-json\/wp\/v2\/media\/2725"}],"wp:attachment":[{"href":"https:\/\/www.lactolerance.fr\/blog\/wp-json\/wp\/v2\/media?parent=2707"}],"wp:term":[{"taxonomy":"category","embeddable":true,"href":"https:\/\/www.lactolerance.fr\/blog\/wp-json\/wp\/v2\/categories?post=2707"},{"taxonomy":"post_tag","embeddable":true,"href":"https:\/\/www.lactolerance.fr\/blog\/wp-json\/wp\/v2\/tags?post=2707"}],"curies":[{"name":"wp","href":"https:\/\/api.w.org\/{rel}","templated":true}]}}