{"id":2950,"date":"2025-06-03T14:53:10","date_gmt":"2025-06-03T12:53:10","guid":{"rendered":"https:\/\/www.lactolerance.fr\/blog\/?p=2950"},"modified":"2025-06-03T14:56:39","modified_gmt":"2025-06-03T12:56:39","slug":"intolerance-lactose-bebes-allaites","status":"publish","type":"post","link":"https:\/\/www.lactolerance.fr\/blog\/intolerance-lactose-bebes-allaites\/","title":{"rendered":"Intol\u00e9rance au lactose chez le b\u00e9b\u00e9 : identifier et g\u00e9rer"},"content":{"rendered":"<p data-start=\"1019\" data-end=\"1278\">Votre b\u00e9b\u00e9 pr\u00e9sente des coliques, des diarrh\u00e9es ou des r\u00e9gurgitations apr\u00e8s le biberon ou la t\u00e9t\u00e9e ? Vous vous demandez s\u2019il peut s\u2019agir d\u2019une <strong data-start=\"1162\" data-end=\"1188\">intol\u00e9rance au lactose<\/strong> ?<\/p>\n<p data-start=\"1019\" data-end=\"1278\">C\u2019est une inqui\u00e9tude l\u00e9gitime, mais qu\u2019il faut nuancer avec pr\u00e9cision et bienveillance.<\/p>\n<p data-start=\"1280\" data-end=\"1623\">Chez le nourrisson, l\u2019intol\u00e9rance au lactose est <strong data-start=\"1329\" data-end=\"1337\">rare<\/strong>, mais elle peut provoquer un v\u00e9ritable inconfort \u2014 et beaucoup d\u2019angoisse c\u00f4t\u00e9 parents. Dans cet article, nous faisons le point sur les <strong data-start=\"1474\" data-end=\"1500\">sympt\u00f4mes \u00e0 surveiller<\/strong>, les <strong data-start=\"1506\" data-end=\"1528\">diff\u00e9rentes causes<\/strong> possibles et les <strong data-start=\"1546\" data-end=\"1568\">solutions adapt\u00e9es<\/strong>, selon que l\u2019enfant soit allait\u00e9 ou nourri au biberon.<\/p>\n<p>&nbsp;<\/p>\n<h2>Qu\u2019est-ce que l\u2019intol\u00e9rance au lactose chez un b\u00e9b\u00e9\u2009?<\/h2>\n<p><strong>L\u2019intol\u00e9rance au lactose se produit lorsque l\u2019organisme d\u2019un b\u00e9b\u00e9 ne produit pas suffisamment de <a href=\"https:\/\/www.lactolerance.fr\/blog\/lactase\/\" data-wpil-monitor-id=\"47\">lactase<\/a><\/strong>, l\u2019enzyme responsable de la transformation du lactose. Sans cette enzyme, <a href=\"https:\/\/www.lactolerance.fr\/fr\/content\/51-lactose\" data-internallinksmanager029f6b8e52c=\"16\" title=\"le lactose\">le lactose<\/a> n\u2019est pas dig\u00e9r\u00e9 correctement et peut provoquer des troubles digestifs inconfortables.<\/p>\n<p>Cette intol\u00e9rance est plus fr\u00e9quente chez les adultes, mais elle peut \u00e9galement concerner certains nourrissons.<\/p>\n<p>Il est cependant important de bien distinguer l\u2019intol\u00e9rance au <a href=\"https:\/\/www.lactolerance.fr\/blog\/intolerance-lactose-allergie-proteine-de-lait-de-vache\/\" data-wpil-monitor-id=\"48\">lactose de l\u2019allergie au lait de vache<\/a>, qui est une r\u00e9action allergique plus grave directement li\u00e9e au syst\u00e8me immunitaire.<\/p>\n<h3 data-start=\"1630\" data-end=\"1706\">Intol\u00e9rance au lactose ou allergie au lait de vache : ne pas confondre<\/h3>\n<p data-start=\"1708\" data-end=\"1751\">Avant tout, distinguons bien deux notions :<\/p>\n<ul data-start=\"1752\" data-end=\"2018\">\n<li data-start=\"1752\" data-end=\"1874\">\n<p data-start=\"1754\" data-end=\"1874\"><strong data-start=\"1754\" data-end=\"1782\">L\u2019intol\u00e9rance au lactose<\/strong> : incapacit\u00e9 \u00e0 dig\u00e9rer correctement le lactose (sucre du lait), par <strong data-start=\"1851\" data-end=\"1873\">d\u00e9ficit en lactase<\/strong>.<\/p>\n<\/li>\n<li data-start=\"1875\" data-end=\"2018\">\n<p data-start=\"1877\" data-end=\"2018\"><strong data-start=\"1877\" data-end=\"1908\">L\u2019allergie au lait de vache<\/strong> : r\u00e9action immunitaire \u00e0 certaines prot\u00e9ines du lait, qui peut \u00eatre s\u00e9v\u00e8re et n\u00e9cessite une \u00e9viction stricte.<\/p>\n<\/li>\n<\/ul>\n<p data-start=\"2020\" data-end=\"2115\">En d\u00e9finitive, chez les b\u00e9b\u00e9s, l\u2019intol\u00e9rance au lactose est <strong data-start=\"2054\" data-end=\"2087\">bien plus rare que l\u2019allergie<\/strong>, et souvent <strong data-start=\"2100\" data-end=\"2114\">temporaire<\/strong>.<\/p>\n<h2>Comment se manifeste l\u2019intol\u00e9rance au lactose chez les b\u00e9b\u00e9s ?<\/h2>\n<p>Les signe d\u2019une intol\u00e9rance au lactose chez les nourrissons<strong> peuvent \u00eatre vari\u00e9s et appara\u00eetre apr\u00e8s les repas.<\/strong><\/p>\n<p>Les parents doivent \u00eatre vigilants \u00e0 l\u2019apparition des signes suivants :<\/p>\n<ul>\n<li><strong>Ballonnements<\/strong> : le b\u00e9b\u00e9 peut avoir le ventre gonfl\u00e9, ce qui peut \u00eatre douloureux.<\/li>\n<li><strong>Gaz et coliques<\/strong> : les b\u00e9b\u00e9s peuvent souffrir de gaz excessifs et de coliques abdominales.<\/li>\n<li><strong>Diarrh\u00e9e :<\/strong> la diarrh\u00e9e est un sympt\u00f4me courant de l\u2019intol\u00e9rance au lactose.<\/li>\n<li><strong>R\u00e9gurgitations fr\u00e9quentes<\/strong> : certains b\u00e9b\u00e9s intol\u00e9rants au lactose peuvent vomir apr\u00e8s avoir bu du lait.<\/li>\n<li><strong>Inconfort g\u00e9n\u00e9ral<\/strong> : le b\u00e9b\u00e9 peut pleurer plus que d\u2019habitude et avoir du mal \u00e0 dormir.<\/li>\n<\/ul>\n<p>&nbsp;<\/p>\n<h2>Quelles sont les causes de l\u2019intol\u00e9rance au lactose chez le b\u00e9b\u00e9 ?<\/h2>\n<p>Chez les b\u00e9b\u00e9s, l\u2019intol\u00e9rance au lactose peut \u00eatre <strong>temporaire ou cong\u00e9nitale.<\/strong><\/p>\n<h4 data-start=\"2805\" data-end=\"2841\">L\u2019intol\u00e9rance <strong data-start=\"2827\" data-end=\"2841\">temporaire<\/strong><\/h4>\n<p data-start=\"2843\" data-end=\"2869\">Elle peut survenir apr\u00e8s :<\/p>\n<ul data-start=\"2870\" data-end=\"2961\">\n<li data-start=\"2870\" data-end=\"2914\">\n<p data-start=\"2872\" data-end=\"2914\">une infection digestive (gastro-ent\u00e9rite),<\/p>\n<\/li>\n<li data-start=\"2915\" data-end=\"2961\">\n<p data-start=\"2917\" data-end=\"2961\">une inflammation de la muqueuse intestinale.<\/p>\n<\/li>\n<\/ul>\n<p data-start=\"2963\" data-end=\"3124\">Dans ces cas, l\u2019enzyme lactase est produite en quantit\u00e9 insuffisante. C\u2019est <strong data-start=\"3039\" data-end=\"3053\">r\u00e9versible<\/strong> : la digestion du lactose redevient normale une fois l\u2019intestin gu\u00e9ri.<\/p>\n<h4 data-start=\"3126\" data-end=\"3175\">L\u2019intol\u00e9rance <strong data-start=\"3148\" data-end=\"3163\">cong\u00e9nitale<\/strong> (tr\u00e8s rare)<\/h4>\n<p data-start=\"3177\" data-end=\"3479\">Il s\u2019agit d\u2019un <strong data-start=\"3192\" data-end=\"3237\">d\u00e9faut g\u00e9n\u00e9tique pr\u00e9sent d\u00e8s la naissance<\/strong>, emp\u00eachant compl\u00e8tement la production de lactase. Elle se manifeste d\u00e8s les premi\u00e8res heures de vie, apr\u00e8s les premi\u00e8res prises de lait. Le diagnostic est pos\u00e9 tr\u00e8s t\u00f4t, et un <strong data-start=\"3414\" data-end=\"3435\">lait sans lactose<\/strong> est alors n\u00e9cessaire de mani\u00e8re permanente.<\/p>\n<h2 data-start=\"3486\" data-end=\"3515\">Cas des b\u00e9b\u00e9s allait\u00e9s<\/h2>\n<p data-start=\"3517\" data-end=\"3832\">L\u2019intol\u00e9rance au lactose chez les b\u00e9b\u00e9s allait\u00e9s est <strong data-start=\"3570\" data-end=\"3590\">extr\u00eamement rare<\/strong>, car le lait maternel est parfaitement adapt\u00e9. Toutefois, certains b\u00e9b\u00e9s peuvent pr\u00e9senter une forme de <strong data-start=\"3695\" data-end=\"3719\">surcharge en lactose<\/strong> en cas de t\u00e9t\u00e9es tr\u00e8s fr\u00e9quentes, sans acc\u00e8s au lait de fin de t\u00e9t\u00e9e (plus riche en graisses, moins en lactose).<\/p>\n<p data-start=\"3834\" data-end=\"4046\">\ud83d\udcdd <em>Dans ce cas, quelques ajustements dans l\u2019allaitement suffisent (espacement des t\u00e9t\u00e9es, vidange compl\u00e8te d\u2019un sein avant de proposer l\u2019autre). Un accompagnement par une consultante en lactation peut \u00eatre utile.<\/em><\/p>\n<h2 data-start=\"4053\" data-end=\"4084\">Cas des b\u00e9b\u00e9s au biberon<\/h2>\n<p data-start=\"4086\" data-end=\"4202\">Certaines pr\u00e9parations infantiles contiennent du lactose, d\u2019autres non. Si un b\u00e9b\u00e9 pr\u00e9sente une intol\u00e9rance av\u00e9r\u00e9e :<\/p>\n<ul data-start=\"4203\" data-end=\"4319\">\n<li data-start=\"4203\" data-end=\"4257\">\n<p data-start=\"4205\" data-end=\"4257\">On peut opter pour une <strong data-start=\"4228\" data-end=\"4256\">pr\u00e9paration sans lactose<\/strong>,<\/p>\n<\/li>\n<li data-start=\"4258\" data-end=\"4319\">\n<p data-start=\"4260\" data-end=\"4319\">Ou une formule <strong data-start=\"4275\" data-end=\"4303\">partiellement hydrolys\u00e9e<\/strong> (plus digeste).<\/p>\n<\/li>\n<\/ul>\n<p data-start=\"4321\" data-end=\"4486\">Dans tous les cas, le <strong data-start=\"4343\" data-end=\"4393\">choix du lait <span style=\"text-decoration: underline;\">doit \u00eatre valid\u00e9 par un p\u00e9diatre<\/span><\/strong>, car l\u2019objectif reste de garantir <strong data-start=\"4428\" data-end=\"4485\">une croissance optimale et un bon apport nutritionnel<\/strong>.<\/p>\n<p>&nbsp;<\/p>\n<h2 data-start=\"4493\" data-end=\"4522\">Le mot de LACTOLERANCE<\/h2>\n<p data-start=\"4524\" data-end=\"4790\">Chez LACTOLERANCE, nous sommes sp\u00e9cialis\u00e9s dans la <strong data-start=\"4575\" data-end=\"4599\">digestion du lactose<\/strong>, pour les petits comme pour les grands. Bien que nos compl\u00e9ments soient adapt\u00e9s aux enfants \u00e0 partir de 3 ans, nous tenons \u00e0 <strong data-start=\"4725\" data-end=\"4765\">informer et accompagner les familles<\/strong> d\u00e8s les premiers doutes.<\/p>\n<p data-start=\"4792\" data-end=\"5052\">\ud83d\udc76 Pour les tout-petits, l\u2019accompagnement doit \u00eatre <strong data-start=\"4844\" data-end=\"4888\">personnalis\u00e9, m\u00e9dicalis\u00e9 et bienveillant<\/strong>. En cas de suspicion d\u2019intol\u00e9rance au lactose chez le nourrisson, seul un <strong data-start=\"4963\" data-end=\"4989\">professionnel de sant\u00e9<\/strong> pourra poser un diagnostic et proposer des solutions adapt\u00e9es.<\/p>\n<p data-start=\"4792\" data-end=\"5052\">\n","protected":false},"excerpt":{"rendered":"<p>Votre b\u00e9b\u00e9 pr\u00e9sente des coliques, des diarrh\u00e9es ou des r\u00e9gurgitations apr\u00e8s le biberon ou la t\u00e9t\u00e9e ? Vous vous demandez s\u2019il peut s\u2019agir d\u2019une intol\u00e9rance au lactose ? C\u2019est une inqui\u00e9tude l\u00e9gitime, mais qu\u2019il faut nuancer avec pr\u00e9cision et bienveillance. Chez le nourrisson, l\u2019intol\u00e9rance au lactose est rare, mais elle peut provoquer un v\u00e9ritable inconfort [&hellip;]<\/p>\n","protected":false},"author":4,"featured_media":2974,"comment_status":"closed","ping_status":"open","sticky":false,"template":"","format":"standard","meta":{"om_disable_all_campaigns":false,"footnotes":""},"categories":[5],"tags":[],"class_list":["post-2950","post","type-post","status-publish","format-standard","has-post-thumbnail","hentry","category-gerer-au-quotidien"],"_links":{"self":[{"href":"https:\/\/www.lactolerance.fr\/blog\/wp-json\/wp\/v2\/posts\/2950","targetHints":{"allow":["GET"]}}],"collection":[{"href":"https:\/\/www.lactolerance.fr\/blog\/wp-json\/wp\/v2\/posts"}],"about":[{"href":"https:\/\/www.lactolerance.fr\/blog\/wp-json\/wp\/v2\/types\/post"}],"author":[{"embeddable":true,"href":"https:\/\/www.lactolerance.fr\/blog\/wp-json\/wp\/v2\/users\/4"}],"replies":[{"embeddable":true,"href":"https:\/\/www.lactolerance.fr\/blog\/wp-json\/wp\/v2\/comments?post=2950"}],"version-history":[{"count":12,"href":"https:\/\/www.lactolerance.fr\/blog\/wp-json\/wp\/v2\/posts\/2950\/revisions"}],"predecessor-version":[{"id":2978,"href":"https:\/\/www.lactolerance.fr\/blog\/wp-json\/wp\/v2\/posts\/2950\/revisions\/2978"}],"wp:featuredmedia":[{"embeddable":true,"href":"https:\/\/www.lactolerance.fr\/blog\/wp-json\/wp\/v2\/media\/2974"}],"wp:attachment":[{"href":"https:\/\/www.lactolerance.fr\/blog\/wp-json\/wp\/v2\/media?parent=2950"}],"wp:term":[{"taxonomy":"category","embeddable":true,"href":"https:\/\/www.lactolerance.fr\/blog\/wp-json\/wp\/v2\/categories?post=2950"},{"taxonomy":"post_tag","embeddable":true,"href":"https:\/\/www.lactolerance.fr\/blog\/wp-json\/wp\/v2\/tags?post=2950"}],"curies":[{"name":"wp","href":"https:\/\/api.w.org\/{rel}","templated":true}]}}