{"id":3187,"date":"2025-08-20T14:46:37","date_gmt":"2025-08-20T12:46:37","guid":{"rendered":"https:\/\/www.lactolerance.fr\/blog\/?p=3187"},"modified":"2025-08-21T17:40:42","modified_gmt":"2025-08-21T15:40:42","slug":"feta-et-lactose-est-ce-un-fromage-adapte-aux-intolerants","status":"publish","type":"post","link":"https:\/\/www.lactolerance.fr\/blog\/feta-et-lactose-est-ce-un-fromage-adapte-aux-intolerants\/","title":{"rendered":"Feta et lactose : est-ce un fromage adapt\u00e9 aux intol\u00e9rants ?"},"content":{"rendered":"<h2 data-start=\"1029\" data-end=\"1069\"><\/h2>\n<h2 data-start=\"1029\" data-end=\"1069\">La feta contient-elle du lactose ?<\/h2>\n<p data-start=\"1070\" data-end=\"1372\">Fromage embl\u00e9matique de la Gr\u00e8ce, la feta est pr\u00e9sente dans les salades, les plats m\u00e9diterran\u00e9ens et m\u00eame dans certaines recettes modernes. Mais pour les personnes intol\u00e9rantes au lactose, une question revient sans cesse : <strong data-start=\"1293\" data-end=\"1372\">la feta contient-elle du lactose et peut-on en consommer sans d\u00e9sagr\u00e9ment ?<\/strong><\/p>\n<h2 data-start=\"1379\" data-end=\"1438\">Qu\u2019est-ce que la feta et comment est-elle fabriqu\u00e9e ?<\/h2>\n<p data-start=\"1439\" data-end=\"1808\">La feta est un fromage \u00e0 p\u00e2te molle et demi-ferme, originaire de Gr\u00e8ce. Elle b\u00e9n\u00e9ficie d\u2019une AOP (Appellation d\u2019Origine Prot\u00e9g\u00e9e) qui impose une fabrication traditionnelle \u00e0 base de lait de brebis ou d\u2019un m\u00e9lange de lait de brebis et de ch\u00e8vre.<br data-start=\"1683\" data-end=\"1686\" \/>Sa particularit\u00e9 : elle est <strong data-start=\"1714\" data-end=\"1743\">mise \u00e0 maturer en saumure<\/strong>, ce qui lui donne ce go\u00fbt sal\u00e9 typique et une texture friable.<\/p>\n<h2 data-start=\"1815\" data-end=\"1869\">La feta contient-elle du lactose naturellement ?<\/h2>\n<p data-start=\"1870\" data-end=\"2062\">Oui, comme tous les fromages, la feta contient du lactose \u00e0 l\u2019origine, puisqu\u2019il est naturellement pr\u00e9sent dans le lait. Cependant, sa quantit\u00e9 diminue fortement au cours de la fermentation.<\/p>\n<p data-start=\"2064\" data-end=\"2203\">En moyenne, la feta contient environ <strong data-start=\"2101\" data-end=\"2138\">0,5 \u00e0 1,5 g de lactose pour 100 g<\/strong>, ce qui reste beaucoup plus faible que le lait (4,8 g\/100 ml).<\/p>\n<h2 data-start=\"2210\" data-end=\"2287\">Pourquoi la feta est-elle souvent mieux tol\u00e9r\u00e9e que d\u2019autres fromages ?<\/h2>\n<p data-start=\"2288\" data-end=\"2485\">La fermentation joue un r\u00f4le essentiel. Les bact\u00e9ries lactiques consomment une partie du lactose pr\u00e9sent dans le lait pour produire de l\u2019acide lactique, ce qui r\u00e9duit la teneur finale en lactose.<\/p>\n<p data-start=\"2487\" data-end=\"2653\">De plus, comme la feta est g\u00e9n\u00e9ralement consomm\u00e9e en petites portions (d\u00e9s dans une salade, morceau dans une recette), la quantit\u00e9 de lactose ing\u00e9r\u00e9e reste modeste.<\/p>\n<h2 data-start=\"2660\" data-end=\"2729\">Tous les intol\u00e9rants au lactose peuvent-ils manger de la feta ?<\/h2>\n<p data-start=\"2730\" data-end=\"2781\">Pas forc\u00e9ment. Cela d\u00e9pend de votre sensibilit\u00e9 :<\/p>\n<ul data-start=\"2782\" data-end=\"3056\">\n<li data-start=\"2782\" data-end=\"2915\">\n<p data-start=\"2784\" data-end=\"2915\"><strong data-start=\"2787\" data-end=\"2817\">tol\u00e9rance l\u00e9g\u00e8re \u00e0 mod\u00e9r\u00e9e<\/strong> : beaucoup de personnes dig\u00e8rent bien une portion de feta, gr\u00e2ce \u00e0 sa faible <a href=\"https:\/\/www.lactolerance.fr\/blog\/teneur-en-lactose-des-produits-laitiers\/\"  data-wpil-monitor-id=\"69\">teneur en lactose<\/a>.<\/p>\n<\/li>\n<li data-start=\"2916\" data-end=\"3056\">\n<p data-start=\"2918\" data-end=\"3056\"><strong data-start=\"2921\" data-end=\"2942\">intol\u00e9rance forte<\/strong> : m\u00eame de petites traces de lactose peuvent d\u00e9clencher des sympt\u00f4mes. Dans ce cas, la feta peut poser probl\u00e8me.<\/p>\n<\/li>\n<\/ul>\n<h2 data-start=\"3063\" data-end=\"3106\">Existe-t-il de la feta sans lactose ?<\/h2>\n<p data-start=\"3107\" data-end=\"3407\">Oui, certains fabricants proposent aujourd\u2019hui des <strong data-start=\"3158\" data-end=\"3182\">fetas \u201csans lactose\u201d<\/strong>, obtenues en ajoutant <strong>de la <a href=\"https:\/\/www.lactolerance.fr\/blog\/lactase-2\/\"  data-wpil-monitor-id=\"70\">lactase<\/a><\/strong> lors de la fabrication. <a href=\"https:\/\/www.lactolerance.fr\/blog\/le-lactose\/\"  data-wpil-monitor-id=\"71\">Le lactose<\/a> est alors pr\u00e9dig\u00e9r\u00e9, et le fromage devient adapt\u00e9 aux intol\u00e9rants.<br data-start=\"3320\" data-end=\"3323\" \/>\ud83d\udc49 <em>L\u2019indication \u201csans lactose\u201d est toujours clairement mentionn\u00e9e sur l\u2019emballage.<\/em><\/p>\n<h2 data-start=\"3414\" data-end=\"3488\">Quelles alternatives \u00e0 la feta pour les intol\u00e9rants tr\u00e8s sensibles ?<\/h2>\n<ul data-start=\"3489\" data-end=\"3714\">\n<li data-start=\"3489\" data-end=\"3580\">\n<p data-start=\"3491\" data-end=\"3580\">Fromages naturellement pauvres en lactose comme le <strong data-start=\"3542\" data-end=\"3554\">parmesan<\/strong> ou le <strong data-start=\"3561\" data-end=\"3577\">comt\u00e9 affin\u00e9<\/strong>.<\/p>\n<\/li>\n<li data-start=\"3581\" data-end=\"3634\">\n<p data-start=\"3583\" data-end=\"3634\"><a href=\"https:\/\/www.lactolerance.fr\/blog\/fromage-sans-lactose\/\"  data-wpil-monitor-id=\"72\">Fromages sans lactose<\/a> disponibles en supermarch\u00e9.<\/p>\n<\/li>\n<li data-start=\"3635\" data-end=\"3714\">\n<p data-start=\"3637\" data-end=\"3714\">Substituts v\u00e9g\u00e9taux (pr\u00e9parations \u00e0 base de soja, noix de cajou, amandes\u2026).<\/p>\n<\/li>\n<\/ul>\n<h2 data-start=\"3721\" data-end=\"3784\">Comment dig\u00e9rer la feta si l\u2019on est sensible au lactose ?<\/h2>\n<p data-start=\"3785\" data-end=\"4104\">Si vous aimez la feta mais que vous \u00eates tr\u00e8s sensible, vous pouvez prendre un <strong data-start=\"3864\" data-end=\"3889\">compl\u00e9ment de lactase<\/strong> avant votre repas.<br data-start=\"3908\" data-end=\"3911\" \/>Ces solutions, comme <a href=\"https:\/\/www.lactolerance.fr\/fr\/10-lactolerance-9000\"><strong data-start=\"3932\" data-end=\"3953\">LACTOLERANCE 9000<\/strong><\/a> ou <a href=\"https:\/\/www.lactolerance.fr\/fr\/35-lactolerance-ultra\"><strong data-start=\"3957\" data-end=\"3979\">LACTOLERANCE ULTRA<\/strong><\/a>, aident \u00e0 d\u00e9composer <a href=\"https:\/\/www.lactolerance.fr\/fr\/content\/51-lactose\" data-internallinksmanager029f6b8e52c=\"16\" title=\"le lactose\">le lactose<\/a> pr\u00e9sent dans les fromages, y compris la feta, et permettent d\u2019\u00e9viter l\u2019inconfort digestif.<\/p>\n<h2 data-start=\"4111\" data-end=\"4123\">R\u00e9sum\u00e9<\/h2>\n<p data-start=\"4124\" data-end=\"4537\">La feta contient <strong data-start=\"4141\" data-end=\"4159\">peu de lactose<\/strong> gr\u00e2ce \u00e0 sa fermentation, ce qui la rend souvent mieux tol\u00e9r\u00e9e que d\u2019autres fromages frais. Toutefois, tout d\u00e9pend de votre niveau d\u2019intol\u00e9rance.<br data-start=\"4304\" data-end=\"4307\" \/>Pour continuer \u00e0 savourer vos plats m\u00e9diterran\u00e9ens sans inconfort, vous pouvez compter sur <strong data-start=\"4401\" data-end=\"4417\">LACTOLERANCE<\/strong>, expert de l\u2019intol\u00e9rance au lactose depuis 2010, qui propose des solutions adapt\u00e9es \u00e0 tous les profils d\u2019intol\u00e9rants.<\/p>\n<p style=\"text-align: center;\" data-start=\"4124\" data-end=\"4537\">\ud83d\udc49 Essayez notre Pack D\u00e9couverte !<\/p>\n<p data-start=\"4124\" data-end=\"4537\"><a href=\"https:\/\/www.lactolerance.fr\/fr\/offres-speciales\/134-pack-decouverte-protection-24h-3012345678905.html\"><img decoding=\"async\" class=\"alignnone wp-image-1108 size-full\" src=\"https:\/\/www.lactolerance.fr\/blog\/wp-content\/uploads\/2022\/12\/Blog-bas-de-page-FR-NOUVEAU-PACK-Decouverte.jpg\" alt=\"Image redirigeant vers la fiche produit du pack lactor\u00e9lance 1day et le pilulier 9000\" width=\"100%\" height=\"NaN\" srcset=\"https:\/\/www.lactolerance.fr\/blog\/wp-content\/uploads\/2022\/12\/Blog-bas-de-page-FR-NOUVEAU-PACK-Decouverte.jpg 2400w, https:\/\/www.lactolerance.fr\/blog\/wp-content\/uploads\/2022\/12\/Blog-bas-de-page-FR-NOUVEAU-PACK-Decouverte-400x133.jpg 400w, https:\/\/www.lactolerance.fr\/blog\/wp-content\/uploads\/2022\/12\/Blog-bas-de-page-FR-NOUVEAU-PACK-Decouverte-800x267.jpg 800w, https:\/\/www.lactolerance.fr\/blog\/wp-content\/uploads\/2022\/12\/Blog-bas-de-page-FR-NOUVEAU-PACK-Decouverte-768x256.jpg 768w, https:\/\/www.lactolerance.fr\/blog\/wp-content\/uploads\/2022\/12\/Blog-bas-de-page-FR-NOUVEAU-PACK-Decouverte-1536x512.jpg 1536w, https:\/\/www.lactolerance.fr\/blog\/wp-content\/uploads\/2022\/12\/Blog-bas-de-page-FR-NOUVEAU-PACK-Decouverte-2048x683.jpg 2048w, https:\/\/www.lactolerance.fr\/blog\/wp-content\/uploads\/2022\/12\/Blog-bas-de-page-FR-NOUVEAU-PACK-Decouverte-18x6.jpg 18w\" sizes=\"(max-width: 2400px) 100vw, 2400px\" \/><\/a><\/p>\n<p data-start=\"4124\" data-end=\"4537\">\n<style>\n.faq-custom h4 {\n  background-color: #2b1112;\n  color: #fff8f2;\n  padding: 10px;\n  border-radius: 4px;\n  margin-top: 1em;\n}\n<\/style>\n<div class=\"rank-math-schema-faq faq-custom\" itemscope itemtype=\"https:\/\/schema.org\/FAQPage\">\n<div itemscope itemprop=\"mainEntity\" itemtype=\"https:\/\/schema.org\/Question\">\n<h4 itemprop=\"name\">La feta contient-elle du lactose ?<\/h4>\n<div itemscope itemprop=\"acceptedAnswer\" itemtype=\"https:\/\/schema.org\/Answer\">\n<p itemprop=\"text\">Oui, la feta contient du lactose car c\u2019est un fromage \u00e0 base de lait. Cependant, sa teneur est faible gr\u00e2ce \u00e0 la fermentation, environ 0,5 \u00e0 1,5 g pour 100 g.<\/p>\n<\/p><\/div>\n<\/p><\/div>\n<div itemscope itemprop=\"mainEntity\" itemtype=\"https:\/\/schema.org\/Question\">\n<h4 itemprop=\"name\">La feta est-elle bien tol\u00e9r\u00e9e par les intol\u00e9rants au lactose ?<\/h4>\n<div itemscope itemprop=\"acceptedAnswer\" itemtype=\"https:\/\/schema.org\/Answer\">\n<p itemprop=\"text\">La plupart des personnes intol\u00e9rantes dig\u00e8rent bien une portion de feta, mais les plus sensibles peuvent ressentir des sympt\u00f4mes m\u00eame avec de faibles quantit\u00e9s.<\/p>\n<\/p><\/div>\n<\/p><\/div>\n<div itemscope itemprop=\"mainEntity\" itemtype=\"https:\/\/schema.org\/Question\">\n<h4 itemprop=\"name\">Existe-t-il de la feta sans lactose ?<\/h4>\n<div itemscope itemprop=\"acceptedAnswer\" itemtype=\"https:\/\/schema.org\/Answer\">\n<p itemprop=\"text\">Oui, certains producteurs proposent des fetas d\u00e9lactos\u00e9es gr\u00e2ce \u00e0 l\u2019ajout de lactase. Elles sont vendues sous la mention \u201csans lactose\u201d sur l\u2019emballage.<\/p>\n<\/p><\/div>\n<\/p><\/div>\n<div itemscope itemprop=\"mainEntity\" itemtype=\"https:\/\/schema.org\/Question\">\n<h4 itemprop=\"name\">Quelle quantit\u00e9 de lactose contient la feta ?<\/h4>\n<div itemscope itemprop=\"acceptedAnswer\" itemtype=\"https:\/\/schema.org\/Answer\">\n<p itemprop=\"text\">La feta contient environ 0,5 \u00e0 1,5 g de lactose pour 100 g, ce qui reste bien inf\u00e9rieur au lait ou \u00e0 certains fromages frais.<\/p>\n<\/p><\/div>\n<\/p><\/div>\n<div itemscope itemprop=\"mainEntity\" itemtype=\"https:\/\/schema.org\/Question\">\n<h4 itemprop=\"name\">Comment dig\u00e9rer la feta si l\u2019on est tr\u00e8s sensible au lactose ?<\/h4>\n<div itemscope itemprop=\"acceptedAnswer\" itemtype=\"https:\/\/schema.org\/Answer\">\n<p itemprop=\"text\">Il est possible de prendre un compl\u00e9ment de lactase comme LACTOLERANCE 9000 ou ULTRA avant de consommer de la feta afin de mieux dig\u00e9rer le lactose.<\/p>\n<\/p><\/div>\n<\/p><\/div>\n<\/div>\n","protected":false},"excerpt":{"rendered":"<p>La feta contient-elle du lactose ? Fromage embl\u00e9matique de la Gr\u00e8ce, la feta est pr\u00e9sente dans les salades, les plats m\u00e9diterran\u00e9ens et m\u00eame dans certaines recettes modernes. Mais pour les personnes intol\u00e9rantes au lactose, une question revient sans cesse : la feta contient-elle du lactose et peut-on en consommer sans d\u00e9sagr\u00e9ment ? Qu\u2019est-ce que la [&hellip;]<\/p>\n","protected":false},"author":4,"featured_media":3189,"comment_status":"closed","ping_status":"open","sticky":false,"template":"","format":"standard","meta":{"om_disable_all_campaigns":false,"footnotes":""},"categories":[5],"tags":[],"class_list":["post-3187","post","type-post","status-publish","format-standard","has-post-thumbnail","hentry","category-gerer-au-quotidien"],"_links":{"self":[{"href":"https:\/\/www.lactolerance.fr\/blog\/wp-json\/wp\/v2\/posts\/3187","targetHints":{"allow":["GET"]}}],"collection":[{"href":"https:\/\/www.lactolerance.fr\/blog\/wp-json\/wp\/v2\/posts"}],"about":[{"href":"https:\/\/www.lactolerance.fr\/blog\/wp-json\/wp\/v2\/types\/post"}],"author":[{"embeddable":true,"href":"https:\/\/www.lactolerance.fr\/blog\/wp-json\/wp\/v2\/users\/4"}],"replies":[{"embeddable":true,"href":"https:\/\/www.lactolerance.fr\/blog\/wp-json\/wp\/v2\/comments?post=3187"}],"version-history":[{"count":4,"href":"https:\/\/www.lactolerance.fr\/blog\/wp-json\/wp\/v2\/posts\/3187\/revisions"}],"predecessor-version":[{"id":3199,"href":"https:\/\/www.lactolerance.fr\/blog\/wp-json\/wp\/v2\/posts\/3187\/revisions\/3199"}],"wp:featuredmedia":[{"embeddable":true,"href":"https:\/\/www.lactolerance.fr\/blog\/wp-json\/wp\/v2\/media\/3189"}],"wp:attachment":[{"href":"https:\/\/www.lactolerance.fr\/blog\/wp-json\/wp\/v2\/media?parent=3187"}],"wp:term":[{"taxonomy":"category","embeddable":true,"href":"https:\/\/www.lactolerance.fr\/blog\/wp-json\/wp\/v2\/categories?post=3187"},{"taxonomy":"post_tag","embeddable":true,"href":"https:\/\/www.lactolerance.fr\/blog\/wp-json\/wp\/v2\/tags?post=3187"}],"curies":[{"name":"wp","href":"https:\/\/api.w.org\/{rel}","templated":true}]}}