{"id":614,"date":"2019-06-06T21:31:42","date_gmt":"2019-06-06T19:31:42","guid":{"rendered":"https:\/\/www.lactolerance.fr\/blog\/?p=614"},"modified":"2024-09-25T13:15:46","modified_gmt":"2024-09-25T11:15:46","slug":"temoignage-de-katia","status":"publish","type":"post","link":"https:\/\/www.lactolerance.fr\/blog\/temoignage-de-katia\/","title":{"rendered":"T\u00e9moignage de Katia, dont la fille Juliette est intol\u00e9rante au lactose"},"content":{"rendered":"<h2><\/h2>\n<h2><strong><em>\u00ab\u00a0Magique ! Fabuleux ! Voir les \u00e9toiles dans les yeux de ma fille parce qu&rsquo;on lui achetait une glace lors d&rsquo;une promenade, je m&rsquo;en souviendrai longtemps\u00a0\u00bb.<\/em><\/strong><\/h2>\n<p><strong>Juliette, 7 ans, est intol\u00e9rante au lactose, elle a \u00e9t\u00e9 diagnostiqu\u00e9e seulement \u00e0 l&rsquo;\u00e2ge de 5 ans.<\/strong> Nous avons appris \u00e0 cuisiner diff\u00e9remment, mais l&rsquo;interdiction de manger comme tout le monde fait qu&rsquo;elle \u00e9tait pleine de col\u00e8re, elle cumule malheureusement divers probl\u00e8mes m\u00e9dicaux avec routine obligatoire. Apr\u00e8s un retour de vacances d\u00e9sastreuses pour elle, j&rsquo;ai fait des recherches et j&rsquo;ai trouv\u00e9 <a href=\"\/fr\/10-lactolerance-9000\" target=\"_blank\" rel=\"noopener noreferrer\">Lactol\u00e9rance 9000<\/a>.<\/p>\n<p style=\"text-align: center;\">\u27a1\ufe0f <a href=\"https:\/\/www.lactolerance.fr\/fr\/10-gelules-de-lactase-pour-intolerance-au-lactose-severe-lactolerance-9000\">Cliquez ici pour en savoir plus sur Lactol\u00e9rance 9000<\/a><\/p>\n<p>Magique ! Fabuleux ! Voir les \u00e9toiles dans ses yeux parce qu&rsquo;on lui achetait une glace lors d&rsquo;une promenade, je m&rsquo;en souviendrai longtemps.<\/p>\n<p>Malheureusement, la vie quotidienne, \u00e9cole, club, vacances (qui est le pire) font qu&rsquo;elle \u00e9tait malgr\u00e9 tout souvent malade, car son intol\u00e9rance n&rsquo;\u00e9tait pas prise au s\u00e9rieux. Les g\u00e9lules ne pouvaient pas \u00eatre donn\u00e9es et Juliette ne voulait pas \u00eatre vigilante. Les accidents de toilettes r\u00e9guliers faisaient que l&rsquo;\u00e9cole nous appelait tr\u00e8s r\u00e9guli\u00e8rement pour venir la chercher&#8230; Malgr\u00e9 une alimentation contr\u00f4l\u00e9e \u00e0 la maison, Juliette avait une flore intestinale d\u00e9s\u00e9quilibr\u00e9e ce qui entra\u00eenait un syst\u00e8me immunitaire totalement affaibli.<\/p>\n<h2><em><strong>\u00ab\u00a0Juliette est aujourd&rsquo;hui apais\u00e9e et bien dans ses petites baskets\u00a0\u00bb.<\/strong><\/em><\/h2>\n<p>\u00c0 6 ans, nous avons chang\u00e9 pour le <a href=\"\/fr\/25-lactolerance-1day\" target=\"_blank\" rel=\"noopener noreferrer\">Lactol\u00e9rance 1 Day<\/a>, une 1\/2 g\u00e9lule le matin avant le petit-d\u00e9jeuner. Elle a retrouv\u00e9 une vie alimentaire totalement normale. Son m\u00e9decin ne connaissait pas Lactol\u00e9rance, mais il a valid\u00e9 son utilisation . D&rsquo;une petite fille toujours malade avec la sensation d&rsquo;\u00eatre diff\u00e9rente, Juliette est aujourd&rsquo;hui apais\u00e9e et bien dans ses petites baskets !<\/p>\n<p><strong>Nous avons compl\u00e8tement \u00e9limin\u00e9 ce probl\u00e8me de lactose<\/strong> dans la vie de Juliette avec une 1\/2 g\u00e9lule par jour et sa sant\u00e9 g\u00e9n\u00e9rale s&rsquo;est am\u00e9lior\u00e9e. Ce poids psychologique qu&rsquo;elle n&rsquo;arrivait pas \u00e0 g\u00e9rer est aujourd&rsquo;hui effac\u00e9. Cela a r\u00e9ellement soulag\u00e9 son quotidien et lui permet d&rsquo;affronter le reste.<\/p>\n<p>Je conseille vivement ces compl\u00e9ments alimentaires aux parents qui ont des probl\u00e8mes avec le r\u00e9gime alimentaire strict de leur enfant, et pour qui <strong>cette intol\u00e9rance est socialement un handicap.<\/strong><\/p>\n<p>&nbsp;<\/p>\n<p style=\"text-align: center;\"><strong>\ud83d\udc47 Comme Juliette, dites adieu \u00e0 vos troubles digestifs avec le Pack D\u00e9couverte\ud83d\udc47<\/strong><\/p>\n<p><a href=\"https:\/\/www.lactolerance.fr\/fr\/nos-complements-alimentaires\/134-pack-decouverte-protection-24h-134.html\"><img decoding=\"async\" class=\"aligncenter wp-image-1108 size-full\" src=\"https:\/\/www.lactolerance.fr\/blog\/wp-content\/uploads\/2022\/12\/Blog-bas-de-page-FR-NOUVEAU-PACK-Decouverte.jpg\" alt=\"Image redirigeant vers la fiche produit du pack lactor\u00e9lance 1day et le pilulier 9000\" width=\"100%\" height=\"NaN\" srcset=\"https:\/\/www.lactolerance.fr\/blog\/wp-content\/uploads\/2022\/12\/Blog-bas-de-page-FR-NOUVEAU-PACK-Decouverte.jpg 2400w, https:\/\/www.lactolerance.fr\/blog\/wp-content\/uploads\/2022\/12\/Blog-bas-de-page-FR-NOUVEAU-PACK-Decouverte-400x133.jpg 400w, https:\/\/www.lactolerance.fr\/blog\/wp-content\/uploads\/2022\/12\/Blog-bas-de-page-FR-NOUVEAU-PACK-Decouverte-800x267.jpg 800w, https:\/\/www.lactolerance.fr\/blog\/wp-content\/uploads\/2022\/12\/Blog-bas-de-page-FR-NOUVEAU-PACK-Decouverte-768x256.jpg 768w, https:\/\/www.lactolerance.fr\/blog\/wp-content\/uploads\/2022\/12\/Blog-bas-de-page-FR-NOUVEAU-PACK-Decouverte-1536x512.jpg 1536w, https:\/\/www.lactolerance.fr\/blog\/wp-content\/uploads\/2022\/12\/Blog-bas-de-page-FR-NOUVEAU-PACK-Decouverte-2048x683.jpg 2048w, https:\/\/www.lactolerance.fr\/blog\/wp-content\/uploads\/2022\/12\/Blog-bas-de-page-FR-NOUVEAU-PACK-Decouverte-18x6.jpg 18w\" sizes=\"(max-width: 2400px) 100vw, 2400px\" \/><\/a><\/p>\n<p>&nbsp;<\/p>\n","protected":false},"excerpt":{"rendered":"<p>\u00ab\u00a0Magique ! Fabuleux ! Voir les \u00e9toiles dans les yeux de ma fille parce qu&rsquo;on lui achetait une glace lors d&rsquo;une promenade, je m&rsquo;en souviendrai longtemps\u00a0\u00bb. Juliette, 7 ans, est intol\u00e9rante au lactose, elle a \u00e9t\u00e9 diagnostiqu\u00e9e seulement \u00e0 l&rsquo;\u00e2ge de 5 ans. Nous avons appris \u00e0 cuisiner diff\u00e9remment, mais l&rsquo;interdiction de manger comme tout [&hellip;]<\/p>\n","protected":false},"author":4,"featured_media":1406,"comment_status":"closed","ping_status":"closed","sticky":false,"template":"","format":"standard","meta":{"om_disable_all_campaigns":false,"footnotes":""},"categories":[40],"tags":[],"class_list":["post-614","post","type-post","status-publish","format-standard","has-post-thumbnail","hentry","category-temoignages"],"_links":{"self":[{"href":"https:\/\/www.lactolerance.fr\/blog\/wp-json\/wp\/v2\/posts\/614","targetHints":{"allow":["GET"]}}],"collection":[{"href":"https:\/\/www.lactolerance.fr\/blog\/wp-json\/wp\/v2\/posts"}],"about":[{"href":"https:\/\/www.lactolerance.fr\/blog\/wp-json\/wp\/v2\/types\/post"}],"author":[{"embeddable":true,"href":"https:\/\/www.lactolerance.fr\/blog\/wp-json\/wp\/v2\/users\/4"}],"replies":[{"embeddable":true,"href":"https:\/\/www.lactolerance.fr\/blog\/wp-json\/wp\/v2\/comments?post=614"}],"version-history":[{"count":29,"href":"https:\/\/www.lactolerance.fr\/blog\/wp-json\/wp\/v2\/posts\/614\/revisions"}],"predecessor-version":[{"id":2574,"href":"https:\/\/www.lactolerance.fr\/blog\/wp-json\/wp\/v2\/posts\/614\/revisions\/2574"}],"wp:featuredmedia":[{"embeddable":true,"href":"https:\/\/www.lactolerance.fr\/blog\/wp-json\/wp\/v2\/media\/1406"}],"wp:attachment":[{"href":"https:\/\/www.lactolerance.fr\/blog\/wp-json\/wp\/v2\/media?parent=614"}],"wp:term":[{"taxonomy":"category","embeddable":true,"href":"https:\/\/www.lactolerance.fr\/blog\/wp-json\/wp\/v2\/categories?post=614"},{"taxonomy":"post_tag","embeddable":true,"href":"https:\/\/www.lactolerance.fr\/blog\/wp-json\/wp\/v2\/tags?post=614"}],"curies":[{"name":"wp","href":"https:\/\/api.w.org\/{rel}","templated":true}]}}