{"id":721,"date":"2020-02-12T15:03:04","date_gmt":"2020-02-12T14:03:04","guid":{"rendered":"https:\/\/www.lactolerance.fr\/blog\/?p=721"},"modified":"2024-09-25T13:12:34","modified_gmt":"2024-09-25T11:12:34","slug":"temoignage-disabelle-intolerante-au-lactose-partie-1","status":"publish","type":"post","link":"https:\/\/www.lactolerance.fr\/blog\/temoignage-disabelle-intolerante-au-lactose-partie-1\/","title":{"rendered":"T\u00e9moignage d&rsquo;Isabelle, intol\u00e9rante au lactose"},"content":{"rendered":"<p>&nbsp;<\/p>\r\n<h2 style=\"text-align: center;\"><em><strong>\u00ab\u00a0Voil\u00e0 ce qui facilite la vie : prendre une g\u00e9lule de Lactol\u00e9rance 1 Day\u00a0 tous les jours, et on est bien !\u00a0\u00bb<\/strong><\/em>\ud83d\udc8a<\/h2>\r\n<p class=\"has-text-align-right\" style=\"text-align: center;\"><strong>Isabelle, Janvier 2020<\/strong><\/p>\r\n<h2><strong><em>\u00ab\u00a0Ma rencontre avec Lactol\u00e9rance&#8230;\u00a0\u00bb<\/em><\/strong><\/h2>\r\n<p>Je m&rsquo;appelle Isabelle et je suis intol\u00e9rante au lactose\u00a0 (diagnostiqu\u00e9e par l\u2019\u00e9quipe de di\u00e9t\u00e9ticiens <strong>de l\u2019Institut du Cancer de Montpellier<\/strong>) et atteinte d\u2019un cancer compliqu\u00e9 depuis 2 ans.<\/p>\r\n<p>Le \u00ab r\u00e9gime \u00bb de mon cancer m&rsquo;imposait de \u00ab bien manger de tout \u00bb, mais mon intol\u00e9rance me privait de beaucoup de choses\u2026<\/p>\r\n<p>Mon p\u00e8re de 90 ans, qui depuis des d\u00e9cennies souffrait de maux de ventre et de diarrh\u00e9es intempestives, m\u2019a accompagn\u00e9e dans mon r\u00e9gime sans lactose et s\u2019est aper\u00e7u \u00e0 cette occasion <strong>qu\u2019il \u00e9tait lui aussi intol\u00e9rant au lactose !<\/strong><\/p>\r\n<!-- \/wp:paragraph -->\r\n\r\n<!-- wp:paragraph -->\r\n<p>Nous nous sommes mis en qu\u00eate d&rsquo;une solution et il y a quelques semaines nous avons d\u00e9couvert <strong>les produits Lactol\u00e9rance \u2013 le r\u00e9sultat est concluant : \u00ab y\u2019a pas photo \u00bb, comme on dit !<\/strong><\/p>\r\n<h2><strong><em>\u00ab\u00a0La solution miracle : Lactol\u00e9rance 1Day\u00a0\u00bb<\/em><\/strong><\/h2>\r\n<p><strong>Nous avons opt\u00e9 pour le probiotique Lactol\u00e9rance <a href=\"https:\/\/www.lactolerance.fr\/en\/25-lactolerance-1day\" data-internallinksmanager029f6b8e52c=\"39\" title=\"1day\">1Day<\/a>. <\/strong>C&rsquo;est\u00a0une protection permanente \u00e0 raison d&rsquo;<strong>une g\u00e9lule par jour<\/strong> (tr\u00e8s appr\u00e9ciable \u00e9tant donn\u00e9 la lourdeur de mon traitement et la multitude de comprim\u00e9s que je devais d\u00e9j\u00e0 ing\u00e9rer chaque jour).<\/p>\r\n<p><strong>Nous avons scrupuleusement respect\u00e9 la p\u00e9riode d&rsquo;adaptation<\/strong> (15 jours dans notre cas) avant de nous ruer sur du fromage et autres biscuits dont nous nous privions depuis si longtemps !<\/p>\r\n<p>Et miracle ! Nous n\u2019avons eu ni maux de ventre, ni vertiges, ni courantes, <strong>rien<\/strong> ! Depuis 2 mois nous vivons mieux et nous avons retrouv\u00e9 notre quotidien comme tout le monde !<\/p>\r\n<p>On ne se prive plus et on s&rsquo;ach\u00e8te le meilleur ! Nous rattrapons le temps et les plaisirs perdus pendant notre r\u00e9gime ! J&rsquo;ai pu reprendre 4 kilos, je me sens moins faible bien que mon cancer des os ait empir\u00e9\u2026 Tout va mieux aussi pour papa, qui avait le teint p\u00e2le \u00e0 force de se priver de tous les produits que les troubles digestifs lui\u00a0 interdisaient.<\/p>\r\n<p><strong>Fini la vie pourrie !!! Merci et merci ! Y\u2019a pas de mots !<\/strong><\/p>\r\n<!-- \/wp:paragraph -->\r\n<figure><img decoding=\"async\" class=\"alignnone wp-image-2082 size-full\" src=\"https:\/\/www.lactolerance.fr\/blog\/wp-content\/uploads\/2020\/02\/Remerciements-Isabelle-Temoignage-Lactolerance-1Day.png\" alt=\"Mains formant un coeur sur un couch\u00e9 de soleil\" width=\"100%\" height=\"NaN\" srcset=\"https:\/\/www.lactolerance.fr\/blog\/wp-content\/uploads\/2020\/02\/Remerciements-Isabelle-Temoignage-Lactolerance-1Day.png 1200w, https:\/\/www.lactolerance.fr\/blog\/wp-content\/uploads\/2020\/02\/Remerciements-Isabelle-Temoignage-Lactolerance-1Day-400x133.png 400w, https:\/\/www.lactolerance.fr\/blog\/wp-content\/uploads\/2020\/02\/Remerciements-Isabelle-Temoignage-Lactolerance-1Day-800x267.png 800w, https:\/\/www.lactolerance.fr\/blog\/wp-content\/uploads\/2020\/02\/Remerciements-Isabelle-Temoignage-Lactolerance-1Day-768x256.png 768w, https:\/\/www.lactolerance.fr\/blog\/wp-content\/uploads\/2020\/02\/Remerciements-Isabelle-Temoignage-Lactolerance-1Day-18x6.png 18w\" sizes=\"(max-width: 1200px) 100vw, 1200px\" \/><\/figure>\r\n<div class=\"wp-block-spacer\" style=\"height: 33px; text-align: center;\" aria-hidden=\"true\"><em>Merci Lactol\u00e9rance !<\/em><\/div>\r\n<h2><em><strong>\u00ab\u00a0Lactol\u00e9rance a chang\u00e9 mon quotidien avec le cancer\u00a0\u00bb<\/strong><\/em><\/h2>\r\n<p>Les chimios li\u00e9es au cancer ont beaucoup d\u2019effets secondaires : diarrh\u00e9es \u00e0 r\u00e9p\u00e9tition, naus\u00e9es et vomissements pendant les jours qui suivent les perfusions. Ne plus souffrir de mon intol\u00e9rance au lactose, qui amplifiait ces effets voire en ajoutait (maux de ventre, ballonnements), <b>m&rsquo;a \u00e9norm\u00e9ment aid\u00e9 dans la lutte contre mon cancer. <\/b>Un poids en moins et la possibilit\u00e9 de manger normalement comme les m\u00e9decins me le recommandaient.<\/p>\r\n<!-- \/wp:paragraph -->\r\n\r\n<!-- wp:paragraph -->\r\n<p><strong>Quant \u00e0 Papa, qui a bient\u00f4t 91 ans, il revit aujourd\u2019hui !<\/strong> Apr\u00e8s des ann\u00e9es \u00e0 lutter comme moi contre les maux de ventre, les diarrh\u00e9es et la fatigue chronique, il peut enfin profiter pleinement de gourmandises simples et de nuits tranquilles.<\/p>\r\n<h2><em><strong>\u00ab\u00a0Nous voulons profiter de chaque instant\u00a0\u00bb<\/strong><\/em><\/h2>\r\n<!-- \/wp:paragraph -->\r\n\r\n<!-- wp:paragraph -->\r\n<p>M\u00eame s\u2019il nous reste \u00e0 tous les deux peu de temps \u00e0 vivre, \u00a0car le cancer que j\u2019ai ne se gu\u00e9rit pas mais se \u00ab maintient \u00bb (par des traitements lourds), nous voulons<strong> profiter de chaque instant pour savourer tout ce qui nous fait envie<\/strong>. Nous profitons \u00e0 fond de tout ce qui est bon, le meilleur, et on ne se prive pas ! <strong>On go\u00fbte \u00e0 tout, c\u00e9r\u00e9monieusement, parce qu\u2019on sait que \u00e7a ne nous fera plus mal !<\/strong><\/p>\r\n<!-- \/wp:paragraph -->\r\n\r\n<!-- wp:paragraph -->\r\n<p>Encore une fois, merci \u00e0 Lactol\u00e9rance ! Car si on ne vous avait pas d\u00e9couverts, je serais encore \u00e0 vivre toute la journ\u00e9e avec des effets secondaires li\u00e9s \u00e0 la\u00a0 chimio et \u00e0 la\u00a0 morphine avec en prime des maux de ventre et des courantes jour et nuit qui font souffrir et fatiguent ; et dans mon cas, <strong>la fatigue est l\u2019ennemi du corps<\/strong>, car le cancer en a bien profit\u00e9 depuis !<\/p>\r\n<!-- \/wp:paragraph -->\r\n\r\n<!-- wp:paragraph -->\r\n<p>&nbsp;<\/p>\r\n<p style=\"text-align: center;\"><strong>\u2b07\ufe0f Changez de quotidien digestif maintenant avec Lactol\u00e9rance \u2b07\ufe0f<\/strong><\/p>\r\n<p><a href=\"https:\/\/www.lactolerance.fr\/fr\/nos-complements-alimentaires\/134-pack-decouverte-protection-24h-134.html\"><img decoding=\"async\" class=\"alignnone wp-image-1108 size-full\" src=\"https:\/\/www.lactolerance.fr\/blog\/wp-content\/uploads\/2022\/12\/Blog-bas-de-page-FR-NOUVEAU-PACK-Decouverte.jpg\" alt=\"Image redirigeant vers la fiche produit du pack lactor\u00e9lance 1day et le pilulier 9000\" width=\"100%\" height=\"NaN\" srcset=\"https:\/\/www.lactolerance.fr\/blog\/wp-content\/uploads\/2022\/12\/Blog-bas-de-page-FR-NOUVEAU-PACK-Decouverte.jpg 2400w, https:\/\/www.lactolerance.fr\/blog\/wp-content\/uploads\/2022\/12\/Blog-bas-de-page-FR-NOUVEAU-PACK-Decouverte-400x133.jpg 400w, https:\/\/www.lactolerance.fr\/blog\/wp-content\/uploads\/2022\/12\/Blog-bas-de-page-FR-NOUVEAU-PACK-Decouverte-800x267.jpg 800w, https:\/\/www.lactolerance.fr\/blog\/wp-content\/uploads\/2022\/12\/Blog-bas-de-page-FR-NOUVEAU-PACK-Decouverte-768x256.jpg 768w, https:\/\/www.lactolerance.fr\/blog\/wp-content\/uploads\/2022\/12\/Blog-bas-de-page-FR-NOUVEAU-PACK-Decouverte-1536x512.jpg 1536w, https:\/\/www.lactolerance.fr\/blog\/wp-content\/uploads\/2022\/12\/Blog-bas-de-page-FR-NOUVEAU-PACK-Decouverte-2048x683.jpg 2048w, https:\/\/www.lactolerance.fr\/blog\/wp-content\/uploads\/2022\/12\/Blog-bas-de-page-FR-NOUVEAU-PACK-Decouverte-18x6.jpg 18w\" sizes=\"(max-width: 2400px) 100vw, 2400px\" \/><\/a><\/p>\r\n<!-- \/wp:paragraph -->","protected":false},"excerpt":{"rendered":"<p>&nbsp; \u00ab\u00a0Voil\u00e0 ce qui facilite la vie : prendre une g\u00e9lule de Lactol\u00e9rance 1 Day\u00a0 tous les jours, et on est bien !\u00a0\u00bb\ud83d\udc8a Isabelle, Janvier 2020 \u00ab\u00a0Ma rencontre avec Lactol\u00e9rance&#8230;\u00a0\u00bb Je m&rsquo;appelle Isabelle et je suis intol\u00e9rante au lactose\u00a0 (diagnostiqu\u00e9e par l\u2019\u00e9quipe de di\u00e9t\u00e9ticiens de l\u2019Institut du Cancer de Montpellier) et atteinte d\u2019un cancer compliqu\u00e9 [&hellip;]<\/p>\n","protected":false},"author":4,"featured_media":1406,"comment_status":"open","ping_status":"open","sticky":false,"template":"","format":"standard","meta":{"om_disable_all_campaigns":false,"footnotes":""},"categories":[40],"tags":[],"class_list":["post-721","post","type-post","status-publish","format-standard","has-post-thumbnail","hentry","category-temoignages"],"_links":{"self":[{"href":"https:\/\/www.lactolerance.fr\/blog\/wp-json\/wp\/v2\/posts\/721","targetHints":{"allow":["GET"]}}],"collection":[{"href":"https:\/\/www.lactolerance.fr\/blog\/wp-json\/wp\/v2\/posts"}],"about":[{"href":"https:\/\/www.lactolerance.fr\/blog\/wp-json\/wp\/v2\/types\/post"}],"author":[{"embeddable":true,"href":"https:\/\/www.lactolerance.fr\/blog\/wp-json\/wp\/v2\/users\/4"}],"replies":[{"embeddable":true,"href":"https:\/\/www.lactolerance.fr\/blog\/wp-json\/wp\/v2\/comments?post=721"}],"version-history":[{"count":49,"href":"https:\/\/www.lactolerance.fr\/blog\/wp-json\/wp\/v2\/posts\/721\/revisions"}],"predecessor-version":[{"id":2572,"href":"https:\/\/www.lactolerance.fr\/blog\/wp-json\/wp\/v2\/posts\/721\/revisions\/2572"}],"wp:featuredmedia":[{"embeddable":true,"href":"https:\/\/www.lactolerance.fr\/blog\/wp-json\/wp\/v2\/media\/1406"}],"wp:attachment":[{"href":"https:\/\/www.lactolerance.fr\/blog\/wp-json\/wp\/v2\/media?parent=721"}],"wp:term":[{"taxonomy":"category","embeddable":true,"href":"https:\/\/www.lactolerance.fr\/blog\/wp-json\/wp\/v2\/categories?post=721"},{"taxonomy":"post_tag","embeddable":true,"href":"https:\/\/www.lactolerance.fr\/blog\/wp-json\/wp\/v2\/tags?post=721"}],"curies":[{"name":"wp","href":"https:\/\/api.w.org\/{rel}","templated":true}]}}