{"id":867,"date":"2022-06-27T15:43:26","date_gmt":"2022-06-27T13:43:26","guid":{"rendered":"https:\/\/www.lactolerance.fr\/blog\/?p=867"},"modified":"2025-09-02T17:12:47","modified_gmt":"2025-09-02T15:12:47","slug":"centres-de-depistage","status":"publish","type":"post","link":"https:\/\/www.lactolerance.fr\/blog\/centres-de-depistage\/","title":{"rendered":"Professionnels &#038; Centres de d\u00e9pistage intol\u00e9rance au lactose"},"content":{"rendered":"<table style=\"height: 300px; width: 100%;\" border=\"0\">\n<tbody>\n<tr>\n<td style=\"text-align: left;\" colspan=\"4\" valign=\"top\">\n<h2><\/h2>\n<h2>Test d&rsquo;intol\u00e9rance au lactose :\u00a0o\u00f9 se faire d\u00e9pister ?<\/h2>\n<p>Voici la liste (non exhaustive) des <strong>professionnels de sant\u00e9<\/strong> et des centres qui pratiquent les tests d&rsquo;intol\u00e9rance au lactose. Si un centre ou un professionnel de sant\u00e9 concern\u00e9 par l&rsquo;intol\u00e9rance au lactose ne figure pas sur cette page, merci de <a title=\"Aider d&#039;autres intol\u00e9rants \u00e0 se faire d\u00e9pister\" href=\"https:\/\/docs.google.com\/forms\/d\/1ccxLP5v0S2nAoQYQaI6QCipw3Tt1f4f80dk6mTxyYJY\/viewform\" target=\"_blank\" rel=\"noopener\">cliquer ici<\/a> pour nous permettre de l&rsquo;ajouter. Vous rendrez ainsi service aux nombreuses personnes qui souhaitent passer le test.<\/td>\n<\/tr>\n<tr>\n<td style=\"text-align: left;\" colspan=\"4\" valign=\"top\">\n<hr \/>\n<\/td>\n<\/tr>\n<tr valign=\"top\">\n<th style=\"text-align: left;\" valign=\"top\">\n<h2 style=\"text-align: center;\">\u00a0 \u00a0D\u00e9pt.<\/h2>\n<\/th>\n<th style=\"text-align: left;\" valign=\"top\">\n<h2><\/h2>\n<\/th>\n<th style=\"text-align: left;\">\n<h2>Qui contacter ?<\/h2>\n<\/th>\n<th style=\"text-align: left;\">\n<h2>Adresse des centres<\/h2>\n<\/th>\n<\/tr>\n<tr style=\"text-align: center;\">\n<td style=\"text-align: center;\" valign=\"top\"><span style=\"font-size: 18pt;\"><span style=\"color: #888888;\">06<\/span><\/span><\/td>\n<td style=\"text-align: left;\" valign=\"top\"><\/td>\n<td style=\"text-align: left;\" valign=\"top\">Nouveau ! <span style=\"font-size: 13.3333px;\"><b>Laboratoire SYNLAB Barla Nice R\u00e9publique<\/b><\/span><span style=\"color: #888888;\"><span style=\"font-size: 10pt;\"><br \/>\n<\/span>39 rue de la r\u00e9publique<br \/>\n<\/span><span style=\"color: #888888;\">06300 Nice<br \/>\n<span style=\"font-size: 10pt;\">Prenez rendez-vous sur <a href=\"https:\/\/www.doctolib.fr\/laboratoire\/nice\/laboratoire-barla-synlab-barla\/booking\/motives?bookingFunnelSource=external_referral&amp;placeId=practice-644744&amp;specialityId=281&amp;telehealth=falseadresse\" target=\"_blank\" rel=\"noopener\">Doctolib<\/a><\/span><\/span>&nbsp;<\/p>\n<p>&nbsp;<\/td>\n<td style=\"text-align: left;\" valign=\"top\"><span style=\"color: #888888;\">Avec ou sans ordonnance<br \/>\nCo<\/span><span style=\"color: #888888;\">\u00fbt : <\/span><span style=\"color: #888888;\">75 \u20ac pris en charge par l&rsquo;Assurance Maladie<\/span>&nbsp;<\/td>\n<\/tr>\n<tr>\n<td style=\"text-align: left;\" valign=\"top\"><span style=\"font-size: 18pt;\"><span style=\"color: #888888;\">\u00a0<\/span><\/span><\/td>\n<td style=\"text-align: left;\" valign=\"top\"><span style=\"color: #777878;\">\u00a0<\/span><\/td>\n<td style=\"text-align: left;\" valign=\"top\"><span style=\"color: #888888;\"><span style=\"font-size: 10pt;\"><strong>Dr Catherine Choukroun<\/strong><br \/>\n38 avenue Foch<\/span><br \/>\n<span style=\"font-size: 10pt;\">06140 Vence<br \/>\nT\u00e9l. : 04 93 58 27 86<br \/>\n<\/span><\/span><\/td>\n<td style=\"text-align: left;\" valign=\"top\"><span style=\"color: #888888;\"><span style=\"font-size: 10pt;\">\u00a0<\/span><\/span><\/p>\n<p>&nbsp;<\/p>\n<p>&nbsp;<\/p>\n<p>&nbsp;<\/td>\n<\/tr>\n<tr>\n<td style=\"text-align: left;\" valign=\"top\"><span style=\"font-size: 18pt;\"><span style=\"color: #888888;\">\u00a0<\/span><\/span><\/td>\n<td style=\"text-align: left;\" valign=\"top\"><\/td>\n<td style=\"text-align: left;\" valign=\"top\">\u00a0<span style=\"color: #888888;\"><span style=\"font-size: 10pt;\"><strong>Dr Jean-Pierre Dekeyser<\/strong><\/span><span style=\"font-size: 10pt;\"><br \/>\nGastroent\u00e9rologue<\/span><br \/>\n<span style=\"font-size: 10pt;\">H\u00f4pital de Grasse<br \/>\nT\u00e9l. : 04 93 09 52 89<\/span><\/span><\/td>\n<td style=\"text-align: left;\" valign=\"top\">\n<p style=\"text-align: left;\"><span style=\"color: #888888;\"><span style=\"font-size: 10pt;\"><strong>H\u00f4pital de Grasse<\/strong><br \/>\nChemin de Clavary<br \/>\n06130 GRASSE\u00a0<\/span><\/span><\/p>\n<p>&nbsp;<\/p>\n<p>&nbsp;<\/td>\n<\/tr>\n<tr>\n<td style=\"text-align: left;\" valign=\"top\">\n<p style=\"text-align: center;\"><span style=\"color: #888888;\"><span style=\"font-size: 24px;\">13<\/span><\/span><\/p>\n<\/td>\n<td style=\"text-align: left;\" valign=\"top\"><\/td>\n<td style=\"text-align: left;\" valign=\"top\">Parlez-en \u00e0 votre m\u00e9decin<br \/>\npuis prenez RDV \u00e0 l&rsquo;H\u00f4pital Nord.<\/td>\n<td style=\"text-align: left;\" valign=\"top\">\n<p style=\"text-align: left;\"><span style=\"color: #888888;\"><span style=\"font-size: 10pt;\"><span style=\"font-style: normal; font-variant: normal; font-weight: normal; letter-spacing: normal; line-height: 18px; text-indent: 0px; text-transform: none; white-space: normal; word-spacing: 0px; background-color: #ffffff; float: none;\"><strong>H\u00f4pital Nord<br \/>\n<\/strong>Unit\u00e9 de Di\u00e9t\u00e9tique Th\u00e9rapeutique<br \/>\nChemin des Bourrely<br \/>\n13915 MARSEILLE C\u00e9dex 20<\/span><\/span><\/span><\/p>\n<p style=\"text-align: left;\">\n<\/td>\n<\/tr>\n<tr>\n<td style=\"text-align: center;\" valign=\"top\"><span style=\"font-size: 18pt;\"><span style=\"color: #888888;\">\u00a009<\/span><\/span><\/td>\n<td style=\"text-align: left;\" valign=\"top\"><\/td>\n<td style=\"text-align: left;\" valign=\"top\"><span style=\"font-size: 10pt;\"><span style=\"color: #888888;\"><strong>Dr DANIS<br \/>\n<\/strong>CHVA<br \/>\nT\u00e9l. : 05 61 03 31 48<\/span><\/span><\/td>\n<td style=\"text-align: left;\" valign=\"top\"><span style=\"font-size: 10pt;\"><strong><span style=\"color: #888888;\">Centre Hospitalier du Val d&rsquo;Ari\u00e8ge<\/span><\/strong><\/span><span style=\"font-size: 10pt;\"><strong><span style=\"color: #888888;\"><strong><span style=\"font-style: normal; font-variant: normal; font-weight: normal; letter-spacing: normal; line-height: 14.5455px; text-align: left; text-indent: 0px; text-transform: none; white-space: normal; word-spacing: 0px; background-color: #ffffff; float: none;\"><br \/>\nR<\/span><\/strong><\/span><\/strong><span style=\"color: #888888;\"><span style=\"font-style: normal; font-variant: normal; font-weight: normal; letter-spacing: normal; line-height: 14.5455px; text-align: left; text-indent: 0px; text-transform: none; white-space: normal; word-spacing: 0px; background-color: #ffffff; float: none;\">N<\/span><\/span><strong><span style=\"color: #888888;\"><strong><span style=\"font-style: normal; font-variant: normal; font-weight: normal; letter-spacing: normal; line-height: 14.5455px; text-align: left; text-indent: 0px; text-transform: none; white-space: normal; word-spacing: 0px; background-color: #ffffff; float: none;\"> 20 &#8211; Sortie 9<br \/>\nSaint-Jean de Verges <\/span><br \/>\n<\/strong><\/span><\/strong><span style=\"color: #888888;\">09017 Foix Cedex<\/span><span style=\"color: #888888;\"><span style=\"font-style: normal; font-variant: normal; font-weight: normal; letter-spacing: normal; line-height: 14.5455px; text-align: left; text-indent: 0px; text-transform: none; white-space: normal; word-spacing: 0px; background-color: #ffffff; float: none;\">\u00a0<\/span><\/span><strong><span style=\"color: #888888;\"><strong><span style=\"font-style: normal; font-variant: normal; font-weight: normal; letter-spacing: normal; line-height: 14.5455px; text-align: left; text-indent: 0px; text-transform: none; white-space: normal; word-spacing: 0px; background-color: #ffffff; float: none;\"><br \/>\nT\u00e9l. : 05 61 03 30 30<\/span><\/strong><\/span><\/strong><\/span><\/td>\n<\/tr>\n<tr>\n<td style=\"text-align: center;\" valign=\"top\"><span style=\"font-size: 18pt;\"><span style=\"color: #888888;\">14<\/span><\/span><\/td>\n<td style=\"text-align: left;\" valign=\"top\"><span style=\"color: #777878;\">\u00a0<\/span><\/td>\n<td style=\"text-align: left;\" valign=\"top\"><span style=\"font-size: 10pt;\"><span style=\"color: #888888;\"><strong>Dr Borotto<\/strong><br \/>\nClinique saint martin<\/span><br \/>\n<span style=\"color: #888888;\">14000 Caen <span style=\"font-style: normal; font-variant: normal; font-weight: normal; letter-spacing: normal; line-height: normal; text-align: justify; text-indent: 0px; text-transform: none; white-space: normal; word-spacing: 0px; float: none;\"><br \/>\nT\u00e9l. : 02 31 43 30 70<br \/>\n<\/span><\/span><\/span><\/td>\n<td style=\"text-align: left;\" valign=\"top\"><span style=\"font-size: 10pt;\"><span style=\"color: #888888;\"><strong>Clinique Saint Martin<br \/>\n<\/strong><span style=\"font-style: normal; font-variant: normal; font-weight: normal; letter-spacing: normal; line-height: 14.5455px; text-align: left; text-indent: 0px; text-transform: none; white-space: normal; word-spacing: 0px; background-color: #ffffff; float: none;\">18 Rue des Roquemonts<br \/>\n14050 Caen<\/span><\/span><\/span><\/td>\n<\/tr>\n<tr style=\"text-align: left;\">\n<td style=\"text-align: center;\" valign=\"top\"><span style=\"font-size: 18pt;\"><span style=\"color: #888888;\">20<\/span><\/span><\/td>\n<td><\/td>\n<td style=\"text-align: left;\" valign=\"top\"><span style=\"font-size: 10pt;\"><span style=\"color: #888888;\"><strong>Dr. Michel Rinaldi<\/strong><br \/>\nGastroent\u00e9rologue<br \/>\nT\u00e9l. : 04 95 31 21 95<\/span><\/span><\/td>\n<td style=\"text-align: left;\" valign=\"top\"><span style=\"font-size: 10pt;\"><span style=\"color: #888888;\"><strong>Cabinet d&rsquo;H\u00e9patogastro-ent\u00e9rologie<\/strong><br \/>\n11 Bis avenue Jean<br \/>\nZuccarelli<br \/>\n20200 Bastia<br \/>\n<\/span><\/span><\/td>\n<\/tr>\n<tr>\n<td style=\"text-align: center;\" valign=\"top\"><span style=\"font-size: 18pt;\"><span style=\"color: #888888;\">24<\/span><\/span><\/td>\n<td style=\"text-align: left;\" valign=\"top\"><span style=\"color: #777878;\">\u00a0<\/span><\/td>\n<td style=\"text-align: left;\" valign=\"top\"><span style=\"color: #888888;\"><span style=\"font-size: 10pt;\"><strong>DR Catherine Nercam-Roumy<\/strong><br \/>\nCentre Agora<\/span><br \/>\n<span style=\"font-size: 10pt;\">24750\u00a0Boulazac<span style=\"margin: 0px; padding: 0px; border: 0px none; font-style: normal; font-variant: normal; line-height: normal; vertical-align: baseline; letter-spacing: normal; text-align: right; text-indent: 0px; text-transform: none; white-space: normal; word-spacing: 0px; background-color: #ffffff;\"><br \/>\nT\u00e9l. : 05 53 35 59 65<br \/>\n<\/span><\/span><\/span><\/td>\n<td style=\"text-align: left;\" valign=\"top\"><span style=\"color: #888888;\"><span style=\"font-size: 10pt;\">\u00a0<\/span><\/span><\/td>\n<\/tr>\n<tr>\n<td style=\"text-align: center;\" valign=\"top\"><span style=\"font-size: 18pt;\"><span style=\"color: #888888;\">29<\/span><\/span><\/td>\n<td><\/td>\n<td style=\"text-align: left;\" valign=\"top\"><span style=\"font-size: 10pt;\"><span style=\"color: #888888;\"><strong>Dr. Fr\u00e9d\u00e9ric Ruyssen<\/strong><br \/>\nGastroent\u00e9rologue<br \/>\n<\/span><span style=\"color: #888888;\">T\u00e9l. : <\/span><span style=\"color: #888888;\">02 98 55 88 30<br \/>\n<\/span><\/span><\/td>\n<td style=\"text-align: left;\" valign=\"top\"><span style=\"font-size: 10pt;\"><span style=\"color: #888888;\"><strong>Cabinet D&rsquo;H\u00e9patogastro-ent\u00e9rologie<\/strong><br \/>\n4 Rue F\u00e9lix Le dantec<br \/>\nCr\u00e9ac&rsquo;h Gwen<br \/>\n29000 Quimper<\/span><\/span><\/td>\n<\/tr>\n<tr valign=\"middle\">\n<td style=\"text-align: center;\" valign=\"top\"><span style=\"font-size: 18pt;\"><span style=\"color: #888888;\">31<\/span><\/span><\/td>\n<td style=\"text-align: left;\" valign=\"top\"><span style=\"color: #777878;\">\u00a0<\/span><\/td>\n<td style=\"text-align: left;\" valign=\"top\"><span style=\"font-size: 10pt;\"><span style=\"color: #888888;\"><strong>Dr LEDIT<\/strong><\/span><br \/>\n<span style=\"color: #888888;\">T\u00e9l. : 05 62 13 27 32<\/span><\/span><\/td>\n<td style=\"text-align: left;\" valign=\"top\"><span style=\"color: #888888;\"><span style=\"font-size: 10pt;\"><span style=\"color: #888888;\"><strong>Clinique des C\u00e8dres<\/strong><br \/>\nCh\u00e2teau Alliez<br \/>\n<\/span><\/span><span style=\"font-size: 10pt;\"><span style=\"color: #888888;\">31700 CORNEBARRIEU<br \/>\n<\/span><\/span><\/span><\/td>\n<\/tr>\n<tr>\n<td><\/td>\n<td><\/td>\n<td><\/td>\n<td style=\"text-align: left;\"><span style=\"color: #888888;\"><span style=\"font-size: 10pt;\"><strong>H\u00f4pital Rangueil<\/strong><br \/>\n1, avenue du Pr Jean Poulh\u00e8s<br \/>\n31059 Toulouse cedex<br \/>\nT\u00e9l. : 05 61 32 39 54<br \/>\n<\/span><\/span><\/td>\n<\/tr>\n<tr style=\"text-align: center;\">\n<td style=\"text-align: center;\" valign=\"top\"><span style=\"font-size: 18pt;\"><span style=\"color: #888888;\">34<\/span><\/span><\/td>\n<td style=\"text-align: left;\" valign=\"top\"><span style=\"color: #777878;\">\u00a0<\/span><\/td>\n<td style=\"text-align: left;\" valign=\"top\"><span style=\"color: #888888;\"><span style=\"font-size: 10pt;\"><strong>Dr Pierre Blanc<\/strong><br \/>\nH\u00e9pato-gastro-ent\u00e9rologue<br \/>\nChu St Eloi<br \/>\nT\u00e9l. : 04 67 33 73 90<\/span><\/span><\/td>\n<td style=\"text-align: left;\" valign=\"top\"><span style=\"color: #888888;\"><span style=\"font-size: 10pt;\"><strong>H\u00f4pital Saint Eloi<\/strong><br \/>\n80, avenue Augustin FLICHE<br \/>\n34295 MONTPELLIER cedex 5<br \/>\n<\/span><\/span><span style=\"color: #888888;\"><span style=\"font-size: 10pt;\">T\u00e9l. : <\/span><\/span><span style=\"color: #888888;\"><span style=\"font-size: 10pt;\">04 67 33 67 33<\/span><\/span><\/td>\n<\/tr>\n<tr>\n<td style=\"text-align: center;\" valign=\"top\"><span style=\"font-size: 18pt;\"><span style=\"color: #888888;\">37<\/span><\/span><\/td>\n<td style=\"text-align: left;\" valign=\"top\"><span style=\"color: #777878;\">\u00a0<\/span><\/td>\n<td style=\"text-align: left;\" valign=\"top\"><span style=\"color: #888888;\"><span style=\"font-size: 10pt;\">\u00a0<\/span><\/span><\/td>\n<td style=\"text-align: left;\" valign=\"top\"><span style=\"color: #888888;\"><span style=\"font-size: 10pt;\"><strong>H\u00f4pital Trousseau<\/strong><br \/>\nAvenue de la R\u00e9publique<br \/>\n37170 Chambray-l\u00e8s-Tours<\/span><\/span><span style=\"color: #888888;\"><span style=\"font-size: 10pt;\"><br \/>\nT\u00e9l. : \u00a002 47 47 47 47<\/span><\/span><\/td>\n<\/tr>\n<tr>\n<td style=\"text-align: center;\" valign=\"top\"><span style=\"font-size: 18pt;\"><span style=\"color: #888888;\">38<\/span><\/span><\/td>\n<td style=\"text-align: left;\" valign=\"top\"><span style=\"color: #777878;\">\u00a0<\/span><\/td>\n<td style=\"text-align: left;\" valign=\"top\"><span style=\"color: #888888;\"><span style=\"font-size: 10pt;\"><strong>Docteur Nicolas MATHIEU<\/strong><br \/>\nH\u00e9pato-gastro-ent\u00e9rologue<br \/>\nCHU Grenoble<br \/>\nT\u00e9l. : 04 76 76 54 50<br \/>\n<\/span><\/span><\/td>\n<td style=\"text-align: left;\" valign=\"top\"><span style=\"color: #888888;\"><span style=\"font-size: 10pt;\"><strong>CHU de Grenoble<br \/>\n<\/strong><\/span><\/span><span style=\"font-size: 10pt; color: #888888;\">Boulevard de la Chantourne<br \/>\n<\/span><span style=\"font-size: 10pt; color: #888888;\">38700 La Tronche<\/span><\/td>\n<\/tr>\n<tr valign=\"top\">\n<td style=\"text-align: center;\"><span style=\"font-size: 18pt;\"><span style=\"color: #888888;\">51<\/span><\/span><\/td>\n<td><\/td>\n<td style=\"text-align: left;\"><span style=\"font-size: 10pt;\"><span style=\"color: #888888;\"><strong>Dr B<span style=\"color: #888888;\">runo Donatini<\/span><\/strong><span style=\"color: #888888;\"><br \/>\nGastroent\u00e9rologue<br \/>\n<\/span><\/span><span style=\"color: #888888;\">T\u00e9l. : <\/span><span style=\"color: #888888;\"><span style=\"color: #888888;\">03<\/span> 26 82 65 05<br \/>\n<\/span><\/span><\/td>\n<td valign=\"top\">\n<p style=\"text-align: left;\"><span style=\"font-size: 10pt;\"><span style=\"color: #888888;\"><span style=\"font-style: normal; font-variant: normal; font-weight: normal; letter-spacing: normal; line-height: 14.5455px; text-align: left; text-indent: 0px; text-transform: none; white-space: normal; word-spacing: 0px; background-color: #ffffff; float: none;\"><strong>Clini-Spa Nature<\/strong><br \/>\n40 Rue du Docteur Roux<br \/>\n51350 Cormontreuil<br \/>\n<\/span><span style=\"font-style: normal; font-variant: normal; font-weight: normal; letter-spacing: normal; line-height: 14.5455px; text-align: left; text-indent: 0px; text-transform: none; white-space: nowrap; word-spacing: 0px; background-color: #ffffff; float: none;\">T\u00e9l. : 03 26 09 17 96<br \/>\n<\/span><\/span><\/span><\/p>\n<\/td>\n<\/tr>\n<tr valign=\"top\">\n<td style=\"text-align: center;\"><span style=\"font-size: 18pt;\"><span style=\"color: #888888;\">65<\/span><\/span><\/td>\n<td><\/td>\n<td style=\"text-align: left;\"><span style=\"font-size: 10pt;\"><span style=\"color: #888888;\"><b>Mme Anna Lorand <\/b><br \/>\nDi\u00e9t\u00e9ticienne &#8211; Nutritionniste<br \/>\n<\/span><span style=\"color: #888888;\">T\u00e9l. : 06 79 09 49 00<\/span><\/span><\/td>\n<td valign=\"top\">\n<p style=\"text-align: left;\"><span style=\"font-size: 10pt;\"><span style=\"color: #888888;\"><span style=\"font-style: normal; font-variant: normal; font-weight: normal; letter-spacing: normal; line-height: 14.5455px; text-align: left; text-indent: 0px; text-transform: none; white-space: normal; word-spacing: 0px; background-color: #ffffff; float: none;\"><strong>Maison de Sant\u00e9 d&rsquo;Arreau<br \/>\n<\/strong><span style=\"font-size: 10pt; color: #888888;\">7 Avenue de la Gare<br \/>\n<\/span><span style=\"font-size: 10pt; color: #888888;\">65240 Arreau<\/span><\/span><\/span><\/span><\/p>\n<p style=\"text-align: left;\"><span style=\"font-size: 10pt;\"><span style=\"color: #888888;\"><span style=\"font-style: normal; font-variant: normal; font-weight: normal; letter-spacing: normal; line-height: 14.5455px; text-align: left; text-indent: 0px; text-transform: none; white-space: nowrap; word-spacing: 0px; background-color: #ffffff; float: none;\">T\u00e9l. : 05 62 99 68 59<\/span><\/span><\/span><\/p>\n<\/td>\n<\/tr>\n<tr valign=\"top\">\n<td style=\"text-align: center;\" valign=\"top\"><span style=\"font-size: 18pt;\"><span style=\"color: #888888;\">59<\/span><\/span><\/td>\n<td style=\"text-align: left;\" valign=\"top\"><span style=\"color: #777878;\">\u00a0<\/span><\/td>\n<td style=\"text-align: left;\" valign=\"top\"><span style=\"color: #888888;\"><span style=\"font-size: 10pt;\"><strong>Docteur Fran\u00e7ois LEGRAIN<\/strong><br \/>\nM\u00e9decin G\u00e9n\u00e9raliste<br \/>\nT\u00e9l. : 03 27 25 29 89<\/span><\/span><strong><span style=\"color: #888888;\"><span style=\"font-size: 10pt;\">Doroth\u00e9e BECKANDT SOUDAN<br \/>\n<\/span><\/span><\/strong><span style=\"color: #888888;\"><span style=\"font-size: 10pt;\">Naturopathe<br \/>\nT\u00e9l : 06 71 78 87 47<br \/>\n<\/span><\/span><\/td>\n<td style=\"text-align: left;\" valign=\"top\">\n<p style=\"text-align: left;\"><span style=\"color: #888888;\"><span style=\"font-size: 10pt;\">2 rue Carnot<br \/>\n59199 Hergnies<\/span><\/span><\/p>\n<p>&nbsp;<\/p>\n<p style=\"text-align: left;\"><a href=\"https:\/\/www.dorothee-naturopathe.fr\/\" target=\"_blank\" rel=\"noopener\"><span style=\"color: #888888;\"><span style=\"font-size: 10pt;\">\u00a0www.dorothee-naturopathe.fr<\/span><\/span><\/a><\/p>\n<p>&nbsp;<\/td>\n<\/tr>\n<tr valign=\"top\">\n<td style=\"text-align: center;\" valign=\"top\"><\/td>\n<td style=\"text-align: left;\" valign=\"top\"><\/td>\n<td style=\"text-align: left;\" valign=\"top\"><\/td>\n<td style=\"text-align: left;\" valign=\"top\">\n<p style=\"text-align: left;\"><span style=\"color: #888888;\"><span style=\"font-size: 10pt;\"><span style=\"color: #888888;\"><span style=\"font-size: 10pt;\"><strong>H\u00f4pital Claude Huriez<\/strong><br \/>\n1 Place de Verdun<br \/>\n59800 Lille<br \/>\nT\u00e9l. : 03 20 44 59 62<\/span><\/span><\/span><\/span><\/p>\n<\/td>\n<\/tr>\n<tr valign=\"top\">\n<td style=\"text-align: center;\" valign=\"top\"><\/td>\n<td style=\"text-align: left;\" valign=\"top\"><\/td>\n<td style=\"text-align: left;\" valign=\"top\"><\/td>\n<td style=\"text-align: left;\" valign=\"top\">\n<p style=\"text-align: left;\">\n<\/td>\n<\/tr>\n<tr valign=\"top\">\n<td style=\"text-align: center;\"><span style=\"font-size: 18pt;\"><span style=\"color: #888888;\">64<br \/>\n<\/span><\/span><\/td>\n<td><\/td>\n<td style=\"text-align: left;\" valign=\"top\"><span style=\"color: #888888;\"><span style=\"font-size: 10pt;\"><strong>Dr Olivier Granger<\/strong><\/span><\/span><span style=\"background-color: #ffffff;\"><span style=\"color: #888888;\"><br style=\"color: #000000; font-size: 13px; font-style: normal; font-variant: normal; font-weight: normal; letter-spacing: normal; line-height: normal; text-align: left; text-indent: 0px; text-transform: none; white-space: pre-wrap; word-spacing: 0px; background-color: #eeeeee;\" \/><\/span><\/span><span style=\"background-color: #ffffff;\"><span style=\"color: #888888;\"><span style=\"font-size: 13px; font-style: normal; font-variant: normal; font-weight: normal; letter-spacing: normal; line-height: normal; text-align: left; text-indent: 0px; text-transform: none; white-space: pre-wrap; word-spacing: 0px; float: none;\">Pneumologue-Allergologue<\/span><br style=\"color: #000000; font-size: 13px; font-style: normal; font-variant: normal; font-weight: normal; letter-spacing: normal; line-height: normal; text-align: left; text-indent: 0px; text-transform: none; white-space: pre-wrap; word-spacing: 0px; background-color: #eeeeee;\" \/><span style=\"font-size: 13px; font-style: normal; font-variant: normal; font-weight: normal; letter-spacing: normal; line-height: normal; text-align: left; text-indent: 0px; text-transform: none; white-space: pre-wrap; word-spacing: 0px; float: none;\">15 r Jules Balasque<\/span><br style=\"color: #000000; font-size: 13px; font-style: normal; font-variant: normal; font-weight: normal; letter-spacing: normal; line-height: normal; text-align: left; text-indent: 0px; text-transform: none; white-space: pre-wrap; word-spacing: 0px; background-color: #eeeeee;\" \/><span style=\"font-size: 13px; font-style: normal; font-variant: normal; font-weight: normal; letter-spacing: normal; line-height: normal; text-align: left; text-indent: 0px; text-transform: none; white-space: pre-wrap; word-spacing: 0px; float: none;\">64100 BAYONNE<\/span><br style=\"color: #000000; font-size: 13px; font-style: normal; font-variant: normal; font-weight: normal; letter-spacing: normal; line-height: normal; text-align: left; text-indent: 0px; text-transform: none; white-space: pre-wrap; word-spacing: 0px; background-color: #eeeeee;\" \/><span style=\"font-size: 13px; font-style: normal; font-variant: normal; font-weight: normal; letter-spacing: normal; line-height: normal; text-align: left; text-indent: 0px; text-transform: none; white-space: pre-wrap; word-spacing: 0px; float: none;\">T\u00e9l : 05 59 50 34 40<br \/>\n<\/span><\/span><\/span><\/td>\n<td valign=\"top\">\n<p style=\"text-align: left;\"><span style=\"color: #888888;\"><span style=\"font-size: 10pt;\"><strong>Clinique Saint Etienne et du Pays Basque<\/strong><\/span><\/span><span style=\"background-color: #ffffff;\"><span style=\"color: #888888;\"><br style=\"color: #000000; font-size: 13px; font-style: normal; font-variant: normal; font-weight: normal; letter-spacing: normal; line-height: normal; text-align: left; text-indent: 0px; text-transform: none; white-space: pre-wrap; word-spacing: 0px; background-color: #eeeeee;\" \/><span style=\"font-size: 13px; font-style: normal; font-variant: normal; font-weight: normal; letter-spacing: normal; line-height: normal; text-align: left; text-indent: 0px; text-transform: none; white-space: pre-wrap; word-spacing: 0px; float: none;\">15 r Jules Balasque<\/span><br style=\"color: #000000; font-size: 13px; font-style: normal; font-variant: normal; font-weight: normal; letter-spacing: normal; line-height: normal; text-align: left; text-indent: 0px; text-transform: none; white-space: pre-wrap; word-spacing: 0px; background-color: #eeeeee;\" \/><span style=\"font-size: 13px; font-style: normal; font-variant: normal; font-weight: normal; letter-spacing: normal; line-height: normal; text-align: left; text-indent: 0px; text-transform: none; white-space: pre-wrap; word-spacing: 0px; float: none;\">64100 BAYONNE<\/span><br style=\"color: #000000; font-size: 13px; font-style: normal; font-variant: normal; font-weight: normal; letter-spacing: normal; line-height: normal; text-align: left; text-indent: 0px; text-transform: none; white-space: pre-wrap; word-spacing: 0px; background-color: #eeeeee;\" \/><span style=\"font-size: 13px; font-style: normal; font-variant: normal; font-weight: normal; letter-spacing: normal; line-height: normal; text-align: left; text-indent: 0px; text-transform: none; white-space: pre-wrap; word-spacing: 0px; float: none;\">T\u00e9l. : 05 59 50 33 33<br \/>\n<\/span><\/span><\/span><\/p>\n<p style=\"text-align: left;\">\n<\/td>\n<\/tr>\n<tr valign=\"top\">\n<td style=\"text-align: center;\"><span style=\"color: #888888;\"><span style=\"font-size: 24px;\">69<br \/>\n<\/span><\/span><\/td>\n<td><\/td>\n<td style=\"text-align: left;\" valign=\"top\"><span style=\"color: #888888;\"><span style=\"font-size: 10pt;\"><strong>Dr J\u00e9r\u00f4me DESRAME<\/strong><\/span><br style=\"font-family: arial, sans, sans-serif; font-size: 13px;\" \/><span style=\"font-family: arial, sans, sans-serif; font-size: 13px;\">04 72 71 61 30<\/span><\/span><\/p>\n<p><span style=\"color: #888888;\"><span style=\"font-size: 10pt;\"><strong>Dr Fran\u00e7ois Mion<br \/>\n<\/strong><span style=\"font-family: arial, sans, sans-serif; font-size: 13px;\">04 72 11 01 36<\/span><\/span><\/span><\/p>\n<p><span style=\"color: #888888;\"><span style=\"font-size: 10pt;\"><strong>Dr Thierry Ponchon (PU-PH)<\/strong><\/span><\/span><br \/>\n<span style=\"color: #888888;\"><span style=\"font-family: arial, sans, sans-serif; font-size: 13px;\">04 72 11 01 46<\/span><\/span><\/td>\n<td valign=\"top\"><span style=\"font-family: arial, sans, sans-serif; font-size: 13px;\"><span style=\"color: #888888;\"><span style=\"font-size: 10pt;\"><span style=\"background-color: #ffffff;\"><span style=\"font-style: normal; font-variant: normal; font-weight: normal; letter-spacing: normal; line-height: normal; text-align: left; text-indent: 0px; text-transform: none; white-space: pre-wrap; word-spacing: 0px; float: none;\"><strong>H\u00f4pital Edouard Herriot<br \/>\n<\/strong>5 place d&rsquo;Arsonval<br \/>\n69003 Lyon<\/span><\/span><\/span><\/span><\/span><\/td>\n<\/tr>\n<tr>\n<td style=\"text-align: center;\" valign=\"top\"><span style=\"font-size: 18pt;\"><span style=\"color: #888888;\"><span style=\"font-size: 18pt;\"><span style=\"color: #888888;\">75<br \/>\n<\/span><\/span><\/span><\/span><\/td>\n<td><\/td>\n<td style=\"text-align: left;\" valign=\"top\"><span style=\"color: #888888;\"><span style=\"font-size: 10pt;\"><strong><strong>Laboratoire Cerballiance<br \/>\n<\/strong><\/strong><\/span><\/span><span style=\"color: #888888;\"><span style=\"font-size: 10pt;\"><span style=\"color: #888888;\"><span style=\"font-size: 10pt;\">45 avenue du Maine<br \/>\n75014 Paris<br \/>\nT\u00e9l : 01 79 35 07 95<\/span><\/span><\/span><\/span><strong><span style=\"color: #888888;\"><span style=\"font-size: 10pt;\"><strong><br \/>\n<\/strong><\/span><\/span><\/strong><\/td>\n<td style=\"text-align: left;\" valign=\"top\">\n<p style=\"text-align: left;\"><span style=\"color: #888888;\"><span style=\"font-size: 10pt;\"><span style=\"background-color: #ffffff;\"><span style=\"font-style: normal; font-variant: normal; font-weight: normal; letter-spacing: normal; line-height: normal; text-align: left; text-indent: 0px; text-transform: none; white-space: pre-wrap; word-spacing: 0px; float: none;\"><strong>Test respiratoire d&rsquo;intol\u00e9rance au lactose<br \/>\n<\/strong><\/span><\/span><\/span><\/span><\/p>\n<\/td>\n<\/tr>\n<tr>\n<td style=\"text-align: center;\" valign=\"top\"><\/td>\n<td style=\"text-align: left;\" valign=\"top\"><\/td>\n<td style=\"text-align: left;\" valign=\"top\">\n<p style=\"text-align: left;\"><span style=\"color: #888888;\"><span style=\"font-size: 10pt;\"><span style=\"background-color: #ffffff;\"><span style=\"background-color: #ffffff;\"><span style=\"font-style: normal; font-variant: normal; font-weight: normal; letter-spacing: normal; line-height: normal; text-align: left; text-indent: 0px; text-transform: none; white-space: pre-wrap; word-spacing: 0px; float: none;\"><strong><span style=\"color: #888888;\"><span style=\"font-size: 10pt;\"><strong>Laboratoire Cerballiance<br \/>\n<\/strong><\/span><\/span><\/strong><\/span><\/span><span style=\"color: #888888;\"><span style=\"font-size: 10pt;\"><span style=\"color: #888888;\"><span style=\"font-size: 10pt;\">42 boulevard Richard Lenoir<\/span><\/span><span style=\"color: #888888;\"><span style=\"font-size: 10pt;\"><br \/>\n75011 Paris<br \/>\nT\u00e9l. : 01 43 55 87 40<\/span><\/span><\/span><\/span><\/span><\/span><\/span><\/p>\n<\/td>\n<td style=\"text-align: left;\" valign=\"top\"><span style=\"color: #888888;\"><span style=\"font-size: 10pt;\"><strong>Test sanguin d&rsquo;intol\u00e9rance primaire au lactose.<br \/>\n<span style=\"color: #888888;\"><span style=\"font-size: 10pt;\">Co\u00fbt : 138 \u20ac<\/span><\/span><br \/>\nNon pris en charge par la S\u00e9curit\u00e9 Sociale.<strong><br \/>\n<\/strong><\/strong><\/span><\/span><\/p>\n<p style=\"text-align: left;\">\n<\/td>\n<\/tr>\n<tr>\n<td style=\"text-align: center;\" valign=\"top\"><\/td>\n<td style=\"text-align: left;\" valign=\"top\"><span style=\"color: #777878;\">\u00a0<\/span><\/td>\n<td style=\"text-align: left;\" valign=\"top\">\n<p style=\"text-align: left;\"><span style=\"color: #888888;\"><span style=\"font-size: 10pt;\"><span style=\"background-color: #ffffff;\"><span style=\"background-color: #ffffff;\"><span style=\"font-style: normal; font-variant: normal; font-weight: normal; letter-spacing: normal; line-height: normal; text-align: left; text-indent: 0px; text-transform: none; white-space: pre-wrap; word-spacing: 0px; float: none;\"><strong>Dr Jean-Claude WAGUET<\/strong><br \/>\nAllergologue<\/span><br style=\"color: #000000; font-size: 13px; font-style: normal; font-variant: normal; font-weight: normal; letter-spacing: normal; line-height: normal; text-align: left; text-indent: 0px; text-transform: none; white-space: pre-wrap; word-spacing: 0px; background-color: #eeeeee;\" \/><span style=\"font-style: normal; font-variant: normal; font-weight: normal; letter-spacing: normal; line-height: normal; text-align: left; text-indent: 0px; text-transform: none; white-space: pre-wrap; word-spacing: 0px; float: none;\">COSEM Miromesnil<\/span><br style=\"color: #000000; font-size: 13px; font-style: normal; font-variant: normal; font-weight: normal; letter-spacing: normal; line-height: normal; text-align: left; text-indent: 0px; text-transform: none; white-space: pre-wrap; word-spacing: 0px; background-color: #eeeeee;\" \/><span style=\"font-style: normal; font-variant: normal; font-weight: normal; letter-spacing: normal; line-height: normal; text-align: left; text-indent: 0px; text-transform: none; white-space: pre-wrap; word-spacing: 0px; float: none;\">6 Avenue C\u00e9sar Caire<\/span><br style=\"color: #000000; font-size: 13px; font-style: normal; font-variant: normal; font-weight: normal; letter-spacing: normal; line-height: normal; text-align: left; text-indent: 0px; text-transform: none; white-space: pre-wrap; word-spacing: 0px; background-color: #eeeeee;\" \/><span style=\"font-style: normal; font-variant: normal; font-weight: normal; letter-spacing: normal; line-height: normal; text-align: left; text-indent: 0px; text-transform: none; white-space: pre-wrap; word-spacing: 0px; float: none;\">75008 Paris<\/span><\/span><br \/>\n<\/span><\/span><\/span><span style=\"color: #888888;\"><span style=\"font-size: 10pt;\">T\u00e9l. : <\/span><\/span><span style=\"color: #888888;\"><span style=\"font-size: 10pt;\"><span style=\"background-color: #ffffff;\"><span style=\"font-style: normal; font-variant: normal; font-weight: normal; letter-spacing: normal; line-height: normal; text-align: left; text-indent: 0px; text-transform: none; white-space: pre-wrap; word-spacing: 0px; float: none;\">01 55 56 62 50<\/span><\/span><\/span><\/span><\/p>\n<\/td>\n<td style=\"text-align: left;\" valign=\"top\">\n<p style=\"text-align: left;\"><span style=\"color: #888888;\"><span style=\"font-size: 10pt;\"><span style=\"background-color: #ffffff;\"><span style=\"font-style: normal; font-variant: normal; font-weight: normal; letter-spacing: normal; line-height: normal; text-align: left; text-indent: 0px; text-transform: none; white-space: pre-wrap; word-spacing: 0px; float: none;\"><strong>AP-HP H\u00f4pital Ambroise Par\u00e9<\/strong> <\/span><\/span><br \/>\n<span style=\"background-color: #ffffff;\"><span style=\"font-style: normal; font-variant: normal; font-weight: normal; letter-spacing: normal; line-height: normal; text-align: left; text-indent: 0px; text-transform: none; white-space: pre-wrap; word-spacing: 0px; float: none;\">Service explorations fonctionnelles<\/span><\/span><span style=\"background-color: #ffffff;\">\u00a0 <\/span><br \/>\n9, avenue Charles de Gaulle<br \/>\n92100 Boulogne-Billancourt.<br \/>\nT\u00e9l. : 01 49 09 50 00<\/span><\/span><\/p>\n<\/td>\n<\/tr>\n<tr>\n<td style=\"text-align: left;\" valign=\"top\"><span style=\"font-size: 18pt;\"><span style=\"color: #888888;\">\u00a0<\/span><\/span><\/td>\n<td style=\"text-align: left;\" valign=\"top\"><span style=\"color: #777878;\">\u00a0<\/span><\/td>\n<td style=\"text-align: left;\" valign=\"top\"><\/td>\n<td style=\"text-align: left;\" valign=\"top\"><span style=\"color: #888888;\"><span style=\"font-size: 10pt;\"><span style=\"color: #888888;\"><span style=\"font-size: 13.3333px;\"><b>H\u00f4pital<\/b><\/span><\/span><strong style=\"color: #888888; font-size: 10pt;\">\u00a0Saint Antoine<br \/>\n<\/strong><span style=\"color: #888888;\"><span style=\"font-size: 10pt;\">184 rue du Faubourg Saint-Antoine<\/span><\/span><br \/>\n<span style=\"color: #888888;\"><span style=\"font-size: 10pt;\">75012 Paris<\/span><\/span><br \/>\n<span style=\"color: #888888;\"><span style=\"font-size: 10pt;\">T\u00e9l. : 01 49 28 20 00<\/span><\/span><br \/>\n<\/span><\/span><span style=\"color: #888888;\"><span style=\"font-size: 10pt;\"><span style=\"font-size: 13.3333px;\"><b>H\u00f4pital<\/b><\/span><strong style=\"color: #888888; font-size: 10pt;\"> Piti\u00e9-Salp\u00e9tri\u00e8re (r\u00e9alisation \u00e0 l&rsquo;h\u00f4pital Tenon<br \/>\n<\/strong>T\u00e9l. : 01 56 01 74 93 ou jeanmarc.grancher@aphp.fr<\/span><\/span><\/td>\n<\/tr>\n<tr style=\"text-align: left;\" valign=\"top\">\n<td style=\"text-align: center;\" valign=\"top\"><span style=\"font-size: 18pt;\"><span style=\"color: #888888;\">93<\/span><\/span><\/td>\n<td style=\"text-align: left;\" valign=\"top\"><span style=\"color: #777878;\">\u00a0<\/span><\/td>\n<td style=\"text-align: left;\" valign=\"top\"><span style=\"color: #888888;\"><span style=\"font-size: 10pt;\"><strong>Dr Michel BOUCHOUCHA<\/strong><br \/>\nT\u00e9l. : <span style=\"font-style: normal; font-variant: normal; font-weight: normal; letter-spacing: normal; line-height: 14.5455px; text-align: left; text-indent: 0px; text-transform: none; white-space: normal; word-spacing: 0px; background-color: #ffffff; float: none;\">01 48 95 74 31<\/span><br \/>\n<\/span><\/span><\/td>\n<td style=\"text-align: left;\" valign=\"top\"><span style=\"color: #888888;\"><span style=\"font-size: 10pt;\"><strong>H\u00f4pital Avicenne<\/strong><br \/>\n125 route de Stalingrad<br \/>\n<\/span><\/span><span style=\"font-size: 10pt; color: #888888;\">93009 Bobigny cedex<br \/>\n<\/span><\/td>\n<\/tr>\n<tr>\n<td style=\"text-align: center;\" valign=\"top\"><span style=\"font-size: 14pt;\"><span style=\"color: #888888;\">Monaco<\/span><\/span><\/td>\n<td><\/td>\n<td><\/td>\n<td style=\"text-align: left;\"><span style=\"font-size: 10pt;\"><span style=\"color: #888888;\">CH Princesse Gr\u00e2ce<br \/>\nAvenue Pasteur<br \/>\n98000 Monaco<\/span><\/span><\/td>\n<\/tr>\n<tr valign=\"top\">\n<td style=\"text-align: center;\" valign=\"top\"><span style=\"color: #777878;\"><span style=\"font-size: 18pt;\"><span style=\"font-size: 14pt;\">Suisse<br \/>\nGen\u00e8ve<\/span><br \/>\n<\/span><\/span><\/td>\n<td style=\"text-align: left;\" valign=\"top\"><span style=\"color: #777878;\">\u00a0<\/span><\/td>\n<td style=\"text-align: left;\" valign=\"top\"><span style=\"color: #888888;\"><span style=\"font-size: 10pt;\">\u00a0<\/span><\/span><\/td>\n<td style=\"text-align: left;\" valign=\"top\"><span style=\"color: #888888;\"><span style=\"font-size: 10pt;\"><strong>H\u00f4pital universitaire de<br \/>\nGen\u00e8ve<\/strong><br \/>\nService gastroent\u00e9rologie<br \/>\nGen\u00e8ve<\/span><\/span><\/td>\n<\/tr>\n<\/tbody>\n<\/table>\n<p>&nbsp;<\/p>\n<p><a href=\"https:\/\/www.lactolerance.fr\/fr\/nos-complements-alimentaires\/134-pack-decouverte-protection-24h-134.html\"><img decoding=\"async\" class=\"alignnone wp-image-1108 size-full\" src=\"https:\/\/www.lactolerance.fr\/blog\/wp-content\/uploads\/2022\/12\/Blog-bas-de-page-FR-NOUVEAU-PACK-Decouverte.jpg\" alt=\"Image redirigeant vers la fiche produit du pack lactor\u00e9lance 1day et le pilulier 9000\" width=\"100%\" height=\"NaN\" srcset=\"https:\/\/www.lactolerance.fr\/blog\/wp-content\/uploads\/2022\/12\/Blog-bas-de-page-FR-NOUVEAU-PACK-Decouverte.jpg 2400w, https:\/\/www.lactolerance.fr\/blog\/wp-content\/uploads\/2022\/12\/Blog-bas-de-page-FR-NOUVEAU-PACK-Decouverte-400x133.jpg 400w, https:\/\/www.lactolerance.fr\/blog\/wp-content\/uploads\/2022\/12\/Blog-bas-de-page-FR-NOUVEAU-PACK-Decouverte-800x267.jpg 800w, https:\/\/www.lactolerance.fr\/blog\/wp-content\/uploads\/2022\/12\/Blog-bas-de-page-FR-NOUVEAU-PACK-Decouverte-768x256.jpg 768w, https:\/\/www.lactolerance.fr\/blog\/wp-content\/uploads\/2022\/12\/Blog-bas-de-page-FR-NOUVEAU-PACK-Decouverte-1536x512.jpg 1536w, https:\/\/www.lactolerance.fr\/blog\/wp-content\/uploads\/2022\/12\/Blog-bas-de-page-FR-NOUVEAU-PACK-Decouverte-2048x683.jpg 2048w, https:\/\/www.lactolerance.fr\/blog\/wp-content\/uploads\/2022\/12\/Blog-bas-de-page-FR-NOUVEAU-PACK-Decouverte-18x6.jpg 18w\" sizes=\"(max-width: 2400px) 100vw, 2400px\" \/><\/a><\/p>\n<p style=\"text-align: justify;\">\n","protected":false},"excerpt":{"rendered":"<p>Test d&rsquo;intol\u00e9rance au lactose :\u00a0o\u00f9 se faire d\u00e9pister ? Voici la liste (non exhaustive) des professionnels de sant\u00e9 et des centres qui pratiquent les tests d&rsquo;intol\u00e9rance au lactose. Si un centre ou un professionnel de sant\u00e9 concern\u00e9 par l&rsquo;intol\u00e9rance au lactose ne figure pas sur cette page, merci de cliquer ici pour nous permettre de [&hellip;]<\/p>\n","protected":false},"author":4,"featured_media":1063,"comment_status":"closed","ping_status":"open","sticky":false,"template":"","format":"standard","meta":{"om_disable_all_campaigns":false,"footnotes":""},"categories":[5],"tags":[],"class_list":["post-867","post","type-post","status-publish","format-standard","has-post-thumbnail","hentry","category-gerer-au-quotidien"],"_links":{"self":[{"href":"https:\/\/www.lactolerance.fr\/blog\/wp-json\/wp\/v2\/posts\/867","targetHints":{"allow":["GET"]}}],"collection":[{"href":"https:\/\/www.lactolerance.fr\/blog\/wp-json\/wp\/v2\/posts"}],"about":[{"href":"https:\/\/www.lactolerance.fr\/blog\/wp-json\/wp\/v2\/types\/post"}],"author":[{"embeddable":true,"href":"https:\/\/www.lactolerance.fr\/blog\/wp-json\/wp\/v2\/users\/4"}],"replies":[{"embeddable":true,"href":"https:\/\/www.lactolerance.fr\/blog\/wp-json\/wp\/v2\/comments?post=867"}],"version-history":[{"count":51,"href":"https:\/\/www.lactolerance.fr\/blog\/wp-json\/wp\/v2\/posts\/867\/revisions"}],"predecessor-version":[{"id":3220,"href":"https:\/\/www.lactolerance.fr\/blog\/wp-json\/wp\/v2\/posts\/867\/revisions\/3220"}],"wp:featuredmedia":[{"embeddable":true,"href":"https:\/\/www.lactolerance.fr\/blog\/wp-json\/wp\/v2\/media\/1063"}],"wp:attachment":[{"href":"https:\/\/www.lactolerance.fr\/blog\/wp-json\/wp\/v2\/media?parent=867"}],"wp:term":[{"taxonomy":"category","embeddable":true,"href":"https:\/\/www.lactolerance.fr\/blog\/wp-json\/wp\/v2\/categories?post=867"},{"taxonomy":"post_tag","embeddable":true,"href":"https:\/\/www.lactolerance.fr\/blog\/wp-json\/wp\/v2\/tags?post=867"}],"curies":[{"name":"wp","href":"https:\/\/api.w.org\/{rel}","templated":true}]}}