{"id":889,"date":"2022-06-27T15:43:25","date_gmt":"2022-06-27T13:43:25","guid":{"rendered":"https:\/\/www.lactolerance.fr\/blog\/?p=889"},"modified":"2024-01-26T09:44:44","modified_gmt":"2024-01-26T08:44:44","slug":"mal-de-ventre","status":"publish","type":"post","link":"https:\/\/www.lactolerance.fr\/blog\/mal-de-ventre\/","title":{"rendered":"Mal de ventre et intol\u00e9rance au lactose"},"content":{"rendered":"<p>&nbsp;<\/p>\n<p class=\"p1\"><span class=\"s1\">La douleur abdominale (ou le mal de ventre) peut faire partie des sympt\u00f4mes dus \u00e0 l&rsquo;intol\u00e9rance au <a href=\"https:\/\/www.lactolerance.fr\/fr\/content\/51-lactose\" target=\"_blank\" rel=\"noopener\">lactose<\/a>.<\/span><\/p>\n<p class=\"p1\"><span class=\"s1\">Ce sympt\u00f4me constitue <strong>un motif de consultation m\u00e9dicale tr\u00e8s fr\u00e9quent<\/strong> chez les deux sexes et pour toutes les tranches d\u2019\u00e2ge. Les maux de ventre peuvent \u00eatre isol\u00e9s ou associ\u00e9s aux diff\u00e9rents sympt\u00f4mes comme la fi\u00e8vre, les troubles du transit intestinal (diarrh\u00e9e ou constipation), les naus\u00e9es, les vomissements et les ballonnements.<span class=\"Apple-converted-space\">\u00a0<\/span><\/span><\/p>\n<h2 class=\"p1\"><span class=\"s1\"><span class=\"Apple-converted-space\">Le\u00a0classement des douleurs abdominales<\/span><\/span><\/h2>\n<p class=\"p1\"><span class=\"s1\">On classe les douleurs abdominales selon plusieurs crit\u00e8res\u00a0:<\/span><\/p>\n<ul class=\"ul1\">\n<li class=\"li1\"><span class=\"s3\"><strong>le type de douleur<\/strong> :<\/span><span class=\"s1\"> crampes, coliques, sensation de d\u00e9chirure ou de br\u00fblures.<\/span><\/li>\n<li class=\"li1\"><span class=\"s3\"><strong>le mode de d\u00e9but<\/strong> :<\/span><span class=\"s1\"> brutal ou progressif.<\/span><\/li>\n<li class=\"li1\"><span class=\"s3\"><strong>le si\u00e8ge<\/strong>:<\/span><span class=\"s1\"> douleur localis\u00e9e (hypochondre, flanc, hypogastre,\u2026) ou g\u00e9n\u00e9ralis\u00e9e (sur tout l\u2019abdomen).<\/span><\/li>\n<li class=\"li1\"><span class=\"s3\"><strong>les facteurs d\u00e9clenchants ou aggravants<\/strong> :<\/span><span class=\"s1\"> douleur \u00e0 jeun ou d\u00e9clench\u00e9e apr\u00e8s la prise de certains types d\u2019aliments (allergie ou intol\u00e9rance alimentaire), colopathie fonctionnelle ou apr\u00e8s une inspiration profonde&#8230;<span class=\"Apple-converted-space\">\u00a0<\/span><\/span><\/li>\n<li class=\"li1\"><span class=\"s3\">l<strong>es facteurs calmants\u00a0<\/strong>:<\/span><span class=\"s1\"> la prise de m\u00e9dicaments antispasmodiques, positions antalgiques, l\u2019\u00e9mission des gaz intestinaux, parfois les vomissements.<\/span><\/li>\n<li class=\"li1\"><span class=\"s3\"><strong>l\u2019\u00e9volution\u00a0<\/strong>:<\/span><span class=\"s1\"> douleur aigue, intermittente ou permanente.<\/span><\/li>\n<li class=\"li1\"><span class=\"s3\"><strong>l\u2019irradiation\u00a0<\/strong>:<\/span><span class=\"s1\"> vers le dos, vers l\u2019\u00e9paule ou sans irradiation. <span class=\"Apple-converted-space\">\u00a0<\/span><\/span><\/li>\n<li class=\"li1\"><span class=\"s3\"><strong>l\u2019intensit\u00e9\u00a0<\/strong>:<\/span><span class=\"s1\"> les douleurs abdominales sont d\u2019intensit\u00e9s vari\u00e9es selon la maladie en cause.<\/span><\/li>\n<\/ul>\n<h2 class=\"p1\">Douleurs abdominales\u00a0: les causes<\/h2>\n<p class=\"p1\"><span class=\"s1\">Les douleurs abdominales ont plusieurs causes, les plus courantes sont\u00a0:<\/span><\/p>\n<ul class=\"ul1\">\n<li class=\"li1\"><span class=\"s1\">Les <strong>crises de colique h\u00e9patique<\/strong> ou de colique n\u00e9phr\u00e9tique, les infections urinaires.<\/span><\/li>\n<li class=\"li1\"><span class=\"s1\">La <strong>gastroent\u00e9rite<\/strong>, l\u2019ulc\u00e8re gastroduod\u00e9nal, l\u2019appendicite, la p\u00e9ritonite et l\u2019occlusion intestinale aig\u00fce.<\/span><\/li>\n<li class=\"li1\"><span class=\"s1\">Les <strong>douleurs gyn\u00e9cologiques<\/strong>\u00a0: menstruations, grossesse extra ut\u00e9rine\u2026<\/span><\/li>\n<li class=\"li1\"><span class=\"s1\">Le <strong>syndrome de l\u2019intestin irritable<\/strong>, les intol\u00e9rances ou les allergies alimentaires.<\/span><\/li>\n<\/ul>\n<h2 class=\"p1\"><span class=\"s1\">L&rsquo;intol\u00e9rance au lactose <\/span><\/h2>\n<p class=\"p1\"><span class=\"s1\">C&rsquo;est \u00e9galement l\u2019une des causes des douleurs abdominales, ce syndrome est li\u00e9 principalement \u00e0 un <b>d\u00e9ficit en<\/b> <b>lactase<\/b> qui d\u00e9grade les glucides du lait (lactose) en sucres simples. <span class=\"Apple-converted-space\">\u00a0<\/span><\/span><\/p>\n<p class=\"p1\">En cas d\u2019intol\u00e9rance au lactose, les maux de ventre sont dus \u00e0 <b>l\u2019hyperproduction des gaz intestinaux<\/b> par les bact\u00e9ries au niveau du c\u00f4lon, ce qui provoque une distension abdominale (ballonnements), les douleurs surviennent sous forme de crampes g\u00e9n\u00e9ralis\u00e9e et souvent associ\u00e9e aux diarrh\u00e9es, l\u2019\u00e9mission des gaz aide \u00e0 diminuer les maux de ventre.<\/p>\n<p class=\"p1\"><span class=\"s1\">Les personnes qui ne peuvent pas dig\u00e9rer le lait doivent limiter la consommation des produits laitiers en les rempla\u00e7ant par des <a href=\"https:\/\/www.lactolerance.fr\/fr\/content\/47-aliment-sans-lactose\" data-internallinksmanager029f6b8e52c=\"19\" title=\"aliments sans lactose\">aliments sans lactose<\/a>. La suppl\u00e9mentation en g\u00e9lules d\u2019<a href=\"https:\/\/www.lactolerance.fr\/fr\/content\/48-lactase\">enzyme lactase<\/a> telle que le propose <strong>Lactol\u00e9rance<\/strong> est \u00e9galement une solution efficace pour faciliter et diversifier l\u2019alimentation. Leur efficacit\u00e9 est prouv\u00e9e par des essais cliniques depuis une trentaine d\u2019ann\u00e9es.<\/span><\/p>\n<p class=\"p1\"><span class=\"s1\">Il faut toujours penser \u00e0 l\u2019<a href=\"\/\">intol\u00e9rance au lactose<\/a> devant des maux de ventre suite \u00e0 l\u2019ingestion du lait ou de produits laitiers, particuli\u00e8rement si les douleurs sont associ\u00e9es aux <strong><a href=\"https:\/\/www.lactolerance.fr\/fr\/content\/112-diarrhee\">diarrh\u00e9es<\/a><\/strong>.<span class=\"Apple-converted-space\">\u00a0\u00a0<\/span><\/span><\/p>\n<h2>Qu&rsquo;est-ce que Lactol\u00e9rance ?<\/h2>\n<p>Lactol\u00e9rance est un compl\u00e9ment alimentaire \u00e0 base d&rsquo;enzyme lactase, qui\u00a0<strong>facilite la digestion du lactose<\/strong>.\u00a0Fini les troubles gastro-intestinaux et les r\u00e9gimes alimentaires, vous pouvez enfin manger ce que vous souhaitez sans vous poser de questions !<\/p>\n<p><a href=\"https:\/\/www.lactolerance.fr\/fr\/nos-complements-alimentaires\/134-pack-decouverte-protection-24h-134.html\"><img decoding=\"async\" class=\"alignnone wp-image-1108 size-full\" src=\"https:\/\/www.lactolerance.fr\/blog\/wp-content\/uploads\/2022\/12\/Blog-bas-de-page-FR-NOUVEAU-PACK-Decouverte.jpg\" alt=\"Image redirigeant vers la fiche produit du pack lactor\u00e9lance 1day et le pilulier 9000\" width=\"100%\" height=\"NaN\" srcset=\"https:\/\/www.lactolerance.fr\/blog\/wp-content\/uploads\/2022\/12\/Blog-bas-de-page-FR-NOUVEAU-PACK-Decouverte.jpg 2400w, https:\/\/www.lactolerance.fr\/blog\/wp-content\/uploads\/2022\/12\/Blog-bas-de-page-FR-NOUVEAU-PACK-Decouverte-400x133.jpg 400w, https:\/\/www.lactolerance.fr\/blog\/wp-content\/uploads\/2022\/12\/Blog-bas-de-page-FR-NOUVEAU-PACK-Decouverte-800x267.jpg 800w, https:\/\/www.lactolerance.fr\/blog\/wp-content\/uploads\/2022\/12\/Blog-bas-de-page-FR-NOUVEAU-PACK-Decouverte-768x256.jpg 768w, https:\/\/www.lactolerance.fr\/blog\/wp-content\/uploads\/2022\/12\/Blog-bas-de-page-FR-NOUVEAU-PACK-Decouverte-1536x512.jpg 1536w, https:\/\/www.lactolerance.fr\/blog\/wp-content\/uploads\/2022\/12\/Blog-bas-de-page-FR-NOUVEAU-PACK-Decouverte-2048x683.jpg 2048w, https:\/\/www.lactolerance.fr\/blog\/wp-content\/uploads\/2022\/12\/Blog-bas-de-page-FR-NOUVEAU-PACK-Decouverte-18x6.jpg 18w\" sizes=\"(max-width: 2400px) 100vw, 2400px\" \/><\/a><\/p>\n","protected":false},"excerpt":{"rendered":"<p>&nbsp; La douleur abdominale (ou le mal de ventre) peut faire partie des sympt\u00f4mes dus \u00e0 l&rsquo;intol\u00e9rance au lactose. Ce sympt\u00f4me constitue un motif de consultation m\u00e9dicale tr\u00e8s fr\u00e9quent chez les deux sexes et pour toutes les tranches d\u2019\u00e2ge. Les maux de ventre peuvent \u00eatre isol\u00e9s ou associ\u00e9s aux diff\u00e9rents sympt\u00f4mes comme la fi\u00e8vre, les [&hellip;]<\/p>\n","protected":false},"author":4,"featured_media":1026,"comment_status":"closed","ping_status":"open","sticky":false,"template":"","format":"standard","meta":{"om_disable_all_campaigns":false,"footnotes":""},"categories":[5],"tags":[],"class_list":["post-889","post","type-post","status-publish","format-standard","has-post-thumbnail","hentry","category-gerer-au-quotidien"],"_links":{"self":[{"href":"https:\/\/www.lactolerance.fr\/blog\/wp-json\/wp\/v2\/posts\/889","targetHints":{"allow":["GET"]}}],"collection":[{"href":"https:\/\/www.lactolerance.fr\/blog\/wp-json\/wp\/v2\/posts"}],"about":[{"href":"https:\/\/www.lactolerance.fr\/blog\/wp-json\/wp\/v2\/types\/post"}],"author":[{"embeddable":true,"href":"https:\/\/www.lactolerance.fr\/blog\/wp-json\/wp\/v2\/users\/4"}],"replies":[{"embeddable":true,"href":"https:\/\/www.lactolerance.fr\/blog\/wp-json\/wp\/v2\/comments?post=889"}],"version-history":[{"count":5,"href":"https:\/\/www.lactolerance.fr\/blog\/wp-json\/wp\/v2\/posts\/889\/revisions"}],"predecessor-version":[{"id":1650,"href":"https:\/\/www.lactolerance.fr\/blog\/wp-json\/wp\/v2\/posts\/889\/revisions\/1650"}],"wp:featuredmedia":[{"embeddable":true,"href":"https:\/\/www.lactolerance.fr\/blog\/wp-json\/wp\/v2\/media\/1026"}],"wp:attachment":[{"href":"https:\/\/www.lactolerance.fr\/blog\/wp-json\/wp\/v2\/media?parent=889"}],"wp:term":[{"taxonomy":"category","embeddable":true,"href":"https:\/\/www.lactolerance.fr\/blog\/wp-json\/wp\/v2\/categories?post=889"},{"taxonomy":"post_tag","embeddable":true,"href":"https:\/\/www.lactolerance.fr\/blog\/wp-json\/wp\/v2\/tags?post=889"}],"curies":[{"name":"wp","href":"https:\/\/api.w.org\/{rel}","templated":true}]}}